{"id":160449,"date":"2025-06-02T23:20:52","date_gmt":"2025-06-02T23:20:52","guid":{"rendered":"https:\/\/www.europesays.com\/de\/160449\/"},"modified":"2025-06-02T23:20:52","modified_gmt":"2025-06-02T23:20:52","slug":"msv-news-in-kw23-doppelter-pokal-triumph-fuer-msv-junioren","status":"publish","type":"post","link":"https:\/\/www.europesays.com\/de\/160449\/","title":{"rendered":"MSV-News in KW23: Doppelter Pokal-Triumph f\u00fcr MSV-Junioren"},"content":{"rendered":"<p>   MSV-News in KW23: Doppelter Pokal-Triumph f\u00fcr MSV-Junioren &#8211; FuPa                                               <\/p>\n<p>FuPa ben\u00f6tigt JavaScript, um richtig zu funktionieren.<\/p>\n<p> Browser nicht unterst\u00fctzt <\/p>\n<p>  Du verwendest einen veralteten Browser, wodurch die Funktionalit\u00e4t von FuPa eingeschr\u00e4nkt ist und es zu unerwarteten Fehlern kommen kann. Damit du FuPa vollumf\u00e4nglich nutzen kannst und wir dir eine bessere Nutzungserfahrung und mehr Sicherheit auf unserer Anwendung bieten k\u00f6nnen, nutze bitte einen aktuellen Browser.      <img loading=\"lazy\" decoding=\"async\" src=\"https:\/\/www.europesays.com\/de\/wp-content\/uploads\/2025\/06\/vgzm.2780411-3106689.gif\" height=\"1\" width=\"1\" class=\"sc-1wcyr0h-16 hojaCI\"\/>Du wirst automatisch weitergeleitet&#8230;<img fetchpriority=\"high\" decoding=\"async\" loading=\"eager\" src=\"https:\/\/www.europesays.com\/de\/wp-content\/uploads\/2025\/06\/1748906451_809_960x640.jpeg\" alt=\"Alle MSV-News im \u00dcberblick\" title=\"Alle MSV-News im \u00dcberblick\" width=\"960\" height=\"640\" class=\"sc-wadapo-3 klmthQ mui-style-2vfs2l\"\/>Alle MSV-News im \u00dcberblick \u2013 Foto: Marcel Eichholz<a data-google-interstitial=\"false\" target=\"_blank\" href=\"https:\/\/rp-online.de\" rel=\"noopener\"><img decoding=\"async\" loading=\"eager\" src=\"https:\/\/www.europesays.com\/de\/wp-content\/uploads\/2025\/04\/image.svg.svg+xml\" alt=\"\" title=\"\" width=\"400\" height=\"80\" class=\"sc-wadapo-3 ftUxsc\"\/><\/a>In der w\u00f6chentlichen News-\u00dcbersicht informiert FuPa Niederrhein \u00fcber alles Wissenswerte rund um den MSV Duisburg.<\/p>\n<p>Im w\u00f6chentlichen \u00dcberblick bringt euch FuPa Niederrhein die aktuellen News rund um den MSV Duisburg direkt auf euer mobiles Endger\u00e4t. In KW23 steht der Doppel-Triumph der U19 und der U17 im Niederrheinpokal im Fokus. Au\u00dferdem ist die Saison f\u00fcr die MSV-Amateure beendet. Am Montag feiert der Meidericher Spielverein zudem seinen 123. Geburtstag.<\/p>\n<p> 2. Juni, 14.30 Uhr: Erfolgreiches Pokal-Wochenende   Sa., 31.05.2025, 15:00 Uhr  <\/p>\n<p>Gleich zwei Titel gewannen die Zebras am Wochenende. Sowohl die U19 als auch die U17 gewannen ihre Endspiele um den Niederrheinpokal und brachten die Pokal in die Vitrine im Nachwuchsleistungszentrum an der Westender Stra\u00dfe. Bereits am Samstag setzten sich die B-Junioren in einem umk\u00e4mpften Spiel gegen Borussia M\u00f6nchengladbach durch. Den einzigen Treffer des Tages erzielte Mikail Karan nach einer Viertelstunde. <\/p>\n<p>  So., 01.06.2025, 11:00 Uhr <\/p>\n<p>Am Sonntag zogen die A-Junioren nach. Das Team von Marcus Jahn schlug den SV Bedburdyck\/Gierath in einem einseitigen Finale klar mit 7:0. Den Torreigen er\u00f6ffnete Zinedine Durmus mit einem Kopfballtreffer nach Eckball in der vierten Minute. Louis Halfes-Meis erh\u00f6hte ebenfalls nach Ecksto\u00df auf 2:0 (28.). Kurz nach der Pause sorgte Mohammed Berrahou f\u00fcr die Vorentscheidung (50.), Yannik Scholl (70.) und Sejoba Barnes (74.) schraubten das Ergebnis weiter in die H\u00f6he. Den Endstand besorgten schlie\u00dflich Dave Fotso Youmssi (81.) und Berrahou mit seinem zweiten Treffer (85.).<\/p>\n<p> <a href=\"https:\/\/www.fupa.net\/photos\/msv-duisburg-sv-bedburdyck-gierath-521443\" target=\"_blank\" rel=\"noopener\">&gt;&gt;&gt; Die besten Bilder vom U19-Finale<\/a> 2. Juni, 14.30 Uhr: Amateure beenden Saison mit Pleite So., 01.06.2025, 16:15 Uhr <\/p>\n<p>Mit einer 1:3-Niederlage endet die Spielzeit f\u00fcr die MSV-Amateure. In der Kreisliga C, Gruppe 2, gab es am Sonntag gegen Blau-Wei\u00df Neuenkamp nichts zu holen. Benedikt Steffen erzielte den zwischenzeitlichen Ausgleich f\u00fcr die Meidericher. In der zweiten Halbzeit spielten beide Teams auf Sieg, die Entscheidung fiel schlie\u00dflich in der Nachspielzeit. Zun\u00e4chst war es Sascha-Daniel Lupik, der die G\u00e4ste in Front brachte (90.+2), ehe Bilal Andich den Deckel drauf machte (90.+11). Damit sicherte sich Neuenkamp den Relegationsplatz drei, der m\u00f6glicherweise noch zum Aufstieg in die Kreisliga B berechtigt. F\u00fcr die Meidericher endet die Spielzeit auf Rang sechs.<\/p>\n<p> 2. Juni, 8 Uhr: Happy Birthday, Spielverein <\/p>\n<p>Der MSV Duisburg feiert Geburtstag. Heute vor 123 Jahren wurde der Verein von einer Gruppe junger M\u00e4nner in einer Kneipe in Meiderich gegr\u00fcndet. Zahlreiche H\u00f6hen und Tiefen sp\u00e4ter ist das einstige Bundesliga-Gr\u00fcndungsmitglied j\u00fcngst wieder in die 3. Liga aufgestiegen. <\/p>\n<p>Aufrufe: 02.6.2025, 15:45 Uhr<\/p>\n<p>Marcel EichholzAutor<\/p>\n<p><img decoding=\"async\" loading=\"lazy\" src=\"https:\/\/www.europesays.com\/de\/wp-content\/uploads\/2025\/04\/64x64.jpeg\" alt=\"\" title=\"\" width=\"64\" height=\"64\" class=\"sc-wadapo-3 imUdKn\"\/><\/p>\n","protected":false},"excerpt":{"rendered":"MSV-News in KW23: Doppelter Pokal-Triumph f\u00fcr MSV-Junioren &#8211; FuPa FuPa ben\u00f6tigt JavaScript, um richtig zu funktionieren. Browser nicht&hellip;\n","protected":false},"author":2,"featured_media":160450,"comment_status":"","ping_status":"","sticky":false,"template":"","format":"standard","meta":{"footnotes":""},"categories":[1838],"tags":[41490,54504,815,56001,3364,29,3715,30275,30,17794,45562,3721,1209,3840,54089],"class_list":{"0":"post-160449","1":"post","2":"type-post","3":"status-publish","4":"format-standard","5":"has-post-thumbnail","7":"category-duisburg","8":"tag-a-junioren-niederrheinpokal-u19","9":"tag-b-junioren-niederrheinpokal-u17","10":"tag-borussia-moenchengladbach","11":"tag-bw-neuenkamp","12":"tag-de","13":"tag-deutschland","14":"tag-duisburg","15":"tag-duisburg-muelheim-dinslaken","16":"tag-germany","17":"tag-gruppe-2","18":"tag-kreisliga-c","19":"tag-msv-duisburg","20":"tag-nordrhein-westfalen","21":"tag-regionalliga-west","22":"tag-sv-bedburdyck-gierath"},"share_on_mastodon":{"url":"https:\/\/pubeurope.com\/@de\/114616342360294416","error":""},"_links":{"self":[{"href":"https:\/\/www.europesays.com\/de\/wp-json\/wp\/v2\/posts\/160449","targetHints":{"allow":["GET"]}}],"collection":[{"href":"https:\/\/www.europesays.com\/de\/wp-json\/wp\/v2\/posts"}],"about":[{"href":"https:\/\/www.europesays.com\/de\/wp-json\/wp\/v2\/types\/post"}],"author":[{"embeddable":true,"href":"https:\/\/www.europesays.com\/de\/wp-json\/wp\/v2\/users\/2"}],"replies":[{"embeddable":true,"href":"https:\/\/www.europesays.com\/de\/wp-json\/wp\/v2\/comments?post=160449"}],"version-history":[{"count":0,"href":"https:\/\/www.europesays.com\/de\/wp-json\/wp\/v2\/posts\/160449\/revisions"}],"wp:featuredmedia":[{"embeddable":true,"href":"https:\/\/www.europesays.com\/de\/wp-json\/wp\/v2\/media\/160450"}],"wp:attachment":[{"href":"https:\/\/www.europesays.com\/de\/wp-json\/wp\/v2\/media?parent=160449"}],"wp:term":[{"taxonomy":"category","embeddable":true,"href":"https:\/\/www.europesays.com\/de\/wp-json\/wp\/v2\/categories?post=160449"},{"taxonomy":"post_tag","embeddable":true,"href":"https:\/\/www.europesays.com\/de\/wp-json\/wp\/v2\/tags?post=160449"}],"curies":[{"name":"wp","href":"https:\/\/api.w.org\/{rel}","templated":true}]}}