{"id":160561,"date":"2025-06-03T00:20:23","date_gmt":"2025-06-03T00:20:23","guid":{"rendered":"https:\/\/www.europesays.com\/de\/160561\/"},"modified":"2025-06-03T00:20:23","modified_gmt":"2025-06-03T00:20:23","slug":"ulmer-muenster-gibt-vorsichtig-entwarnung-nach-blitzeinschlag-baden-wuerttemberg","status":"publish","type":"post","link":"https:\/\/www.europesays.com\/de\/160561\/","title":{"rendered":"Ulmer M\u00fcnster gibt vorsichtig Entwarnung nach Blitzeinschlag &#8211; Baden-W\u00fcrttemberg"},"content":{"rendered":"<p>Ulm (dpa\/lsw) &#8211; Nach einem Blitzeinschlag in den Turm des Ulmer M\u00fcnsters am Wochenende gibt das Ulmer M\u00fcnster Bauamt und Bauh\u00fctte vorsichtig Entwarnung. \u00abStand heute sind wir ganz gut weggekommen\u00bb, sagte M\u00fcnsterbaumeisterin Heidi Vormann. Es gebe Sch\u00e4den an der Elektrik, zum Beispiel an dem Drehkreuz am Zugang zum Turm sowie an einem Rechner. \u00abAber ansonsten haben wir wirklich ganz, ganz viele Schutzengel gehabt.\u00bb Das M\u00fcnster sei wie \u00fcblich f\u00fcr Besucher und Gl\u00e4ubige ge\u00f6ffnet. Zuvor hatten mehrere Medien berichtet.<\/p>\n<p>Am Samstagabend hatte ein Blitz in den Turm eingeschlagen. Laut Vormann fuhren zahlreiche Systeme als Sicherheitsvorkehrung automatisch herunter, um weitere Sch\u00e4den zu vermeiden und Gefahren auszuschlie\u00dfen. Nun m\u00fcssten Experten in den kommenden Tagen die einzelnen Systeme testen: \u00abGibt es Sch\u00e4den oder ist das einfach nur eine Schutzreaktion von irgendeinem System?\u00bb, erkl\u00e4rte Vormann.<\/p>\n<p>Bereits mehrfach Blitzeinschl\u00e4ge in den Turm\u00a0<\/p>\n<p>Wie die M\u00fcnsterbaumeisterin sagte, kommt es immer wieder zu Blitzeinschl\u00e4gen in den Turm. Das M\u00fcnster hat mit 161,53 Metern den h\u00f6chsten Kirchturm der Welt. \u00abImmer, wenn wirklich ein Gewitter \u00fcber Ulm, \u00fcber die Innenstadt wegzieht, dann ist das M\u00fcnster pr\u00e4destiniert, dass der Blitz reinschl\u00e4gt.\u00bb Es gebe daher auch einen umfassenden Blitzschutz, der auch am Wochenende entsprechend reagiert habe. So seien derzeit keine Steinsch\u00e4den bekannt.<\/p>\n<p>Die Grundsteinlegung des Ulmer M\u00fcnsters war 1377. Der Baustil: Sp\u00e4tgotik mit ihren spitzen Formen. Ein Fliegerangriff am 17. Dezember 1944 zerst\u00f6rte viele Geb\u00e4ude in Ulm, das M\u00fcnster wurde aber kaum besch\u00e4digt.<\/p>\n<p>Nach mehr als 130 Jahren ist das Ulmer M\u00fcnster allerdings bald seinen Titel als h\u00f6chster Kirchturm der Welt los. Die Sagrada Fam\u00edlia im spanischen Barcelona soll durch ein begehbares Glaskreuz gut zehn Meter h\u00f6her werden als der Turm in Ulm.<\/p>\n","protected":false},"excerpt":{"rendered":"Ulm (dpa\/lsw) &#8211; Nach einem Blitzeinschlag in den Turm des Ulmer M\u00fcnsters am Wochenende gibt das Ulmer M\u00fcnster&hellip;\n","protected":false},"author":2,"featured_media":160562,"comment_status":"","ping_status":"","sticky":false,"template":"","format":"standard","meta":{"footnotes":""},"categories":[1843],"tags":[1634,3364,29,30,4823,8970,1209,4028,9326,7490,1973],"class_list":{"0":"post-160561","1":"post","2":"type-post","3":"status-publish","4":"format-standard","5":"has-post-thumbnail","7":"category-muenster","8":"tag-baden-wuerttemberg","9":"tag-de","10":"tag-deutschland","11":"tag-germany","12":"tag-meldung","13":"tag-muenster","14":"tag-nordrhein-westfalen","15":"tag-unwetter","16":"tag-updateme","17":"tag-vermischtes","18":"tag-wetter"},"share_on_mastodon":{"url":"https:\/\/pubeurope.com\/@de\/114616573814050247","error":""},"_links":{"self":[{"href":"https:\/\/www.europesays.com\/de\/wp-json\/wp\/v2\/posts\/160561","targetHints":{"allow":["GET"]}}],"collection":[{"href":"https:\/\/www.europesays.com\/de\/wp-json\/wp\/v2\/posts"}],"about":[{"href":"https:\/\/www.europesays.com\/de\/wp-json\/wp\/v2\/types\/post"}],"author":[{"embeddable":true,"href":"https:\/\/www.europesays.com\/de\/wp-json\/wp\/v2\/users\/2"}],"replies":[{"embeddable":true,"href":"https:\/\/www.europesays.com\/de\/wp-json\/wp\/v2\/comments?post=160561"}],"version-history":[{"count":0,"href":"https:\/\/www.europesays.com\/de\/wp-json\/wp\/v2\/posts\/160561\/revisions"}],"wp:featuredmedia":[{"embeddable":true,"href":"https:\/\/www.europesays.com\/de\/wp-json\/wp\/v2\/media\/160562"}],"wp:attachment":[{"href":"https:\/\/www.europesays.com\/de\/wp-json\/wp\/v2\/media?parent=160561"}],"wp:term":[{"taxonomy":"category","embeddable":true,"href":"https:\/\/www.europesays.com\/de\/wp-json\/wp\/v2\/categories?post=160561"},{"taxonomy":"post_tag","embeddable":true,"href":"https:\/\/www.europesays.com\/de\/wp-json\/wp\/v2\/tags?post=160561"}],"curies":[{"name":"wp","href":"https:\/\/api.w.org\/{rel}","templated":true}]}}