{"id":161115,"date":"2025-06-03T05:30:12","date_gmt":"2025-06-03T05:30:12","guid":{"rendered":"https:\/\/www.europesays.com\/de\/161115\/"},"modified":"2025-06-03T05:30:12","modified_gmt":"2025-06-03T05:30:12","slug":"4-tag-der-jugendbeteiligung-in-halle","status":"publish","type":"post","link":"https:\/\/www.europesays.com\/de\/161115\/","title":{"rendered":"4. Tag der Jugendbeteiligung in Halle"},"content":{"rendered":"<p><img decoding=\"async\" src=\"https:\/\/www.europesays.com\/de\/wp-content\/uploads\/2025\/06\/freiwilligenagentur05-678x381.jpg\" alt=\"Freiwilligenagentur\" title=\"freiwilligenagentur05\"\/><br \/>\n\t\u00a9 H@llAnzeiger<\/p>\n<p>Halle. FWA. In diesem Jahr findet am <strong>17. Juni 2025<\/strong>, von 9 \u2013 15.30 Uhr unter dem Motto \u201eBr\u00fccken bauen\u201c der bereits vierte <strong>Tag der Jugendbeteiligung <\/strong>in Halle (Saale) statt.\u00a0 Die Veranstaltung richtet sich an junge Menschen zwischen 14 \u2013 21 Jahren. Der Tag der Jugendbeteiligung findet im <strong>Technologiepark Weinberg Campus<\/strong> <a href=\"https:\/\/www.google.de\/maps\/place\/Weinberg+Campus+Innovation+Hub\/@51.4984531,11.9406627,18.5z\/data=!3m1!5s0x47a67b5fc1903e5d:0xf15236479fa05681!4m15!1m8!3m7!1s0x47a67b5fc1add0d7:0x9851d7f2cb3e9209!2sWeinbergweg+23,+06120+Halle+(Saale)!3b1!8m2!3d51.4985762!4d11.9408178!16s%2Fg%2F11bw3fp5b5!3m5!1s0x47a67be2705c1059:0xa5a245be5864619e!8m2!3d51.4983393!4d11.9407976!16s%2Fg%2F11jrnxqwjn?hl=de&amp;entry=ttu&amp;g_ep=EgoyMDI1MDEwOC4wIKXMDSoASAFQAw%3D%3D\" target=\"_blank\" rel=\"noopener nofollow\">Innovation Hub<\/a>, Weinbergweg 23, 06120 Halle (Saale) statt.<\/p>\n<p>Am Vormittag finden zwei Planspiele zu aktuellen Themen der Stadtentwicklung statt, u.a. zur Weiterentwicklung des Marktplatzes statt. Jugendliche k\u00f6nnen dabei ihre Ideen, W\u00fcnsche und Vorschl\u00e4ge einbringen.<\/p>\n<p>Am Nachmittag gibt es f\u00fcnf verschiedene Workshops zu Zukunftsthemen wie K\u00fcnstliche Intelligenz, Medienkompetenz, Zukunft der Nahrung, Radio &amp; Podcasts selber machen und Unternehmer:innengeist.<\/p>\n<p>Die Veranstaltung ist kostenlos, es gibt ein Mittagessen und Getr\u00e4nke. Die Antragstellung zur schulischen Freistellung kann durch die Organisatoren unterst\u00fctzt werden.<\/p>\n<p><strong>Anmeldung<\/strong><br \/>Um eine verbindliche Anmeldung <strong>bis zum 12. Juni 2025<\/strong> wird gebeten, unter <a href=\"https:\/\/www.hallianz-fuer-vielfalt.de\/jugendbeteiligung\/\" target=\"_blank\" rel=\"noopener nofollow\">https:\/\/www.hallianz-fuer-vielfalt.de\/jugendbeteiligung\/<\/a>\u00a0<\/p>\n<p>Der Tag der Jugendbeteiligung ist eine Gemeinschaftsveranstaltung von verschiedenen Jugendbeteiligungsgremien, der Stadt Halle (Saale), der HALLIANZ f\u00fcr Vielfalt und weiteren Partner:innen und wird gef\u00f6rdert von der Stadt Halle und dem Bundesprogramm \u201eDemokratie leben\u201c.<\/p>\n<p><strong>Auf einen Blick<\/strong><\/p>\n<ul>\n<li>Wann? Dienstag, 17. Juni 2025 von 9 Uhr bis 15.30 Uhr<\/li>\n<li>Wo? Technologiepark Weinberg Campus Innovation Hub, Weinbergweg 23, 06120 Halle (Saale)<\/li>\n<li>Wer? Alle Jugendlichen zwischen 14 \u2013 21 Jahren<\/li>\n<\/ul>\n","protected":false},"excerpt":{"rendered":"\u00a9 H@llAnzeiger Halle. FWA. In diesem Jahr findet am 17. Juni 2025, von 9 \u2013 15.30 Uhr unter&hellip;\n","protected":false},"author":2,"featured_media":161116,"comment_status":"","ping_status":"","sticky":false,"template":"","format":"standard","meta":{"footnotes":""},"categories":[1860],"tags":[3364,29,548,663,3934,30,4062,17332,13,14,15,17331,860,12],"class_list":{"0":"post-161115","1":"post","2":"type-post","3":"status-publish","4":"format-standard","5":"has-post-thumbnail","7":"category-halle-saale","8":"tag-de","9":"tag-deutschland","10":"tag-eu","11":"tag-europa","12":"tag-europe","13":"tag-germany","14":"tag-halle","15":"tag-halle-saale","16":"tag-headlines","17":"tag-nachrichten","18":"tag-news","19":"tag-saale","20":"tag-sachsen-anhalt","21":"tag-schlagzeilen"},"share_on_mastodon":{"url":"https:\/\/pubeurope.com\/@de\/114617792845542024","error":""},"_links":{"self":[{"href":"https:\/\/www.europesays.com\/de\/wp-json\/wp\/v2\/posts\/161115","targetHints":{"allow":["GET"]}}],"collection":[{"href":"https:\/\/www.europesays.com\/de\/wp-json\/wp\/v2\/posts"}],"about":[{"href":"https:\/\/www.europesays.com\/de\/wp-json\/wp\/v2\/types\/post"}],"author":[{"embeddable":true,"href":"https:\/\/www.europesays.com\/de\/wp-json\/wp\/v2\/users\/2"}],"replies":[{"embeddable":true,"href":"https:\/\/www.europesays.com\/de\/wp-json\/wp\/v2\/comments?post=161115"}],"version-history":[{"count":0,"href":"https:\/\/www.europesays.com\/de\/wp-json\/wp\/v2\/posts\/161115\/revisions"}],"wp:featuredmedia":[{"embeddable":true,"href":"https:\/\/www.europesays.com\/de\/wp-json\/wp\/v2\/media\/161116"}],"wp:attachment":[{"href":"https:\/\/www.europesays.com\/de\/wp-json\/wp\/v2\/media?parent=161115"}],"wp:term":[{"taxonomy":"category","embeddable":true,"href":"https:\/\/www.europesays.com\/de\/wp-json\/wp\/v2\/categories?post=161115"},{"taxonomy":"post_tag","embeddable":true,"href":"https:\/\/www.europesays.com\/de\/wp-json\/wp\/v2\/tags?post=161115"}],"curies":[{"name":"wp","href":"https:\/\/api.w.org\/{rel}","templated":true}]}}