{"id":161131,"date":"2025-06-03T05:39:25","date_gmt":"2025-06-03T05:39:25","guid":{"rendered":"https:\/\/www.europesays.com\/de\/161131\/"},"modified":"2025-06-03T05:39:25","modified_gmt":"2025-06-03T05:39:25","slug":"mannheim-so-kam-jennifer-weist-aus-dem-netz-der-sexualisierten-gewalt-heraus-kultur-regional","status":"publish","type":"post","link":"https:\/\/www.europesays.com\/de\/161131\/","title":{"rendered":"Mannheim: So kam\u00a0Jennifer Weist aus dem Netz der sexualisierten Gewalt heraus &#8211; Kultur Regional"},"content":{"rendered":"<p>&#8222;Aber was ist, wenn er weitermacht?&#8220;: Die Rockmusikerin und Autorin prangert in der Alten Feuerwache sexuelle Gewalt an.<\/p>\n<p class=\"autor\">Von Julia Blank<\/p>\n<p>Mannheim. &#8222;Mir geht\u2019s so gut, weil ich \u2019n M\u00e4dchen bin, weil ich \u2019n M\u00e4dchen bin \/ Komm doch mal r\u00fcber Mann und setz\u2019 dich zu mir hin \/ Weil ich \u2019n M\u00e4dchen bin, weil ich \u2019n M\u00e4dchen bin&#8220;: Es ist 1996, die damals neunj\u00e4hrige Jennifer Weist ist mit ihrer Mutter im Urlaub in der T\u00fcrkei, als sie den Song der S\u00e4ngerin Lucilectri stolz auf der B\u00fchne<\/p>\n<p>                    Weiterlesen mit <img loading=\"lazy\" decoding=\"async\" src=\"https:\/\/www.europesays.com\/de\/wp-content\/uploads\/2025\/04\/rnz-plus.svg.svg+xml\" alt=\"Plus\" class=\"ms-1\" width=\"52\" height=\"20\"\/><\/p>\n<ul class=\"nfy-custom-list list-unstyled nfy-check-list\">\n<li class=\"lh-lg\">\n                                 Alle Artikel lesen mit RNZ+\n                            <\/li>\n<li class=\"lh-lg\">\n                                 Exklusives Trauerportal mit RNZ+\n                            <\/li>\n<li class=\"lh-lg\">\n                                 Weniger Werbung mit RNZ+\n                            <\/li>\n<\/ul>\n","protected":false},"excerpt":{"rendered":"&#8222;Aber was ist, wenn er weitermacht?&#8220;: Die Rockmusikerin und Autorin prangert in der Alten Feuerwache sexuelle Gewalt an.&hellip;\n","protected":false},"author":2,"featured_media":161132,"comment_status":"","ping_status":"","sticky":false,"template":"","format":"standard","meta":{"footnotes":""},"categories":[1845],"tags":[1634,3364,29,548,663,3934,30,13,20955,2096,14,15,12],"class_list":{"0":"post-161131","1":"post","2":"type-post","3":"status-publish","4":"format-standard","5":"has-post-thumbnail","7":"category-mannheim","8":"tag-baden-wuerttemberg","9":"tag-de","10":"tag-deutschland","11":"tag-eu","12":"tag-europa","13":"tag-europe","14":"tag-germany","15":"tag-headlines","16":"tag-kultur-feuilleton-kunst-musik-ausstellung-konzert-heidelberg-schlossfestspiele-heidelberger-herbst-fruehling-theater","17":"tag-mannheim","18":"tag-nachrichten","19":"tag-news","20":"tag-schlagzeilen"},"share_on_mastodon":{"url":"https:\/\/pubeurope.com\/@de\/114617828440827291","error":""},"_links":{"self":[{"href":"https:\/\/www.europesays.com\/de\/wp-json\/wp\/v2\/posts\/161131","targetHints":{"allow":["GET"]}}],"collection":[{"href":"https:\/\/www.europesays.com\/de\/wp-json\/wp\/v2\/posts"}],"about":[{"href":"https:\/\/www.europesays.com\/de\/wp-json\/wp\/v2\/types\/post"}],"author":[{"embeddable":true,"href":"https:\/\/www.europesays.com\/de\/wp-json\/wp\/v2\/users\/2"}],"replies":[{"embeddable":true,"href":"https:\/\/www.europesays.com\/de\/wp-json\/wp\/v2\/comments?post=161131"}],"version-history":[{"count":0,"href":"https:\/\/www.europesays.com\/de\/wp-json\/wp\/v2\/posts\/161131\/revisions"}],"wp:featuredmedia":[{"embeddable":true,"href":"https:\/\/www.europesays.com\/de\/wp-json\/wp\/v2\/media\/161132"}],"wp:attachment":[{"href":"https:\/\/www.europesays.com\/de\/wp-json\/wp\/v2\/media?parent=161131"}],"wp:term":[{"taxonomy":"category","embeddable":true,"href":"https:\/\/www.europesays.com\/de\/wp-json\/wp\/v2\/categories?post=161131"},{"taxonomy":"post_tag","embeddable":true,"href":"https:\/\/www.europesays.com\/de\/wp-json\/wp\/v2\/tags?post=161131"}],"curies":[{"name":"wp","href":"https:\/\/api.w.org\/{rel}","templated":true}]}}