{"id":161242,"date":"2025-06-03T06:45:10","date_gmt":"2025-06-03T06:45:10","guid":{"rendered":"https:\/\/www.europesays.com\/de\/161242\/"},"modified":"2025-06-03T06:45:10","modified_gmt":"2025-06-03T06:45:10","slug":"hallau-will-fahrraeder-in-bielefeld-nach-vorne-bringen","status":"publish","type":"post","link":"https:\/\/www.europesays.com\/de\/161242\/","title":{"rendered":"Hallau will Fahrr\u00e4der in Bielefeld nach vorne bringen"},"content":{"rendered":"<p class=\"bodytext\">Zum europ\u00e4ischen Tag des Fahrrads am Dienstag (3. Juni) will der Oberb\u00fcrgermeister-Kandidat der Bielefelder Gr\u00fcnen Dominic Hallau mutige Entscheidungen treffen. Radfahrer dr\u00e4ngten sich noch immer zu sehr an den Rand, w\u00e4hrend die breite Fahrbahn dem Autoverkehr geh\u00f6re, so Hallau. Das wolle er \u00e4ndern, das Fahrrad sei das Verkehrsmittel der Zukunft.<\/p>\n","protected":false},"excerpt":{"rendered":"Zum europ\u00e4ischen Tag des Fahrrads am Dienstag (3. Juni) will der Oberb\u00fcrgermeister-Kandidat der Bielefelder Gr\u00fcnen Dominic Hallau mutige&hellip;\n","protected":false},"author":2,"featured_media":161243,"comment_status":"","ping_status":"","sticky":false,"template":"","format":"standard","meta":{"footnotes":""},"categories":[1772],"tags":[29,214,30,1779,810,215],"class_list":{"0":"post-161242","1":"post","2":"type-post","3":"status-publish","4":"format-standard","5":"has-post-thumbnail","7":"category-musik","8":"tag-deutschland","9":"tag-entertainment","10":"tag-germany","11":"tag-music","12":"tag-musik","13":"tag-unterhaltung"},"share_on_mastodon":{"url":"https:\/\/pubeurope.com\/@de\/114618087720523270","error":""},"_links":{"self":[{"href":"https:\/\/www.europesays.com\/de\/wp-json\/wp\/v2\/posts\/161242","targetHints":{"allow":["GET"]}}],"collection":[{"href":"https:\/\/www.europesays.com\/de\/wp-json\/wp\/v2\/posts"}],"about":[{"href":"https:\/\/www.europesays.com\/de\/wp-json\/wp\/v2\/types\/post"}],"author":[{"embeddable":true,"href":"https:\/\/www.europesays.com\/de\/wp-json\/wp\/v2\/users\/2"}],"replies":[{"embeddable":true,"href":"https:\/\/www.europesays.com\/de\/wp-json\/wp\/v2\/comments?post=161242"}],"version-history":[{"count":0,"href":"https:\/\/www.europesays.com\/de\/wp-json\/wp\/v2\/posts\/161242\/revisions"}],"wp:featuredmedia":[{"embeddable":true,"href":"https:\/\/www.europesays.com\/de\/wp-json\/wp\/v2\/media\/161243"}],"wp:attachment":[{"href":"https:\/\/www.europesays.com\/de\/wp-json\/wp\/v2\/media?parent=161242"}],"wp:term":[{"taxonomy":"category","embeddable":true,"href":"https:\/\/www.europesays.com\/de\/wp-json\/wp\/v2\/categories?post=161242"},{"taxonomy":"post_tag","embeddable":true,"href":"https:\/\/www.europesays.com\/de\/wp-json\/wp\/v2\/tags?post=161242"}],"curies":[{"name":"wp","href":"https:\/\/api.w.org\/{rel}","templated":true}]}}