{"id":161274,"date":"2025-06-03T07:04:14","date_gmt":"2025-06-03T07:04:14","guid":{"rendered":"https:\/\/www.europesays.com\/de\/161274\/"},"modified":"2025-06-03T07:04:14","modified_gmt":"2025-06-03T07:04:14","slug":"mannheim-fahrzeug-geraet-auf-a6-in-brand-polizeiberichte-aus-rhein-neckar-odenwald","status":"publish","type":"post","link":"https:\/\/www.europesays.com\/de\/161274\/","title":{"rendered":"Mannheim: Fahrzeug ger\u00e4t auf A6 in Brand &#8211; Polizeiberichte aus Rhein-Neckar-Odenwald"},"content":{"rendered":"<p>Mannheim. (pol\/vs) Ein Fahrzeug ist am fr\u00fchen Dienstagmorgen gegen 1.20 Uhr auf der A6 in Brand geraten. Wie die Polizei mitteilt, wurde der Fahrzeugbrand zwischen den Autobahnkreuzen Viernheim und Mannheim in H\u00f6he Neuostheim gemeldet.<\/p>\n<p>Nach derzeitigem Ermittlungsstand geriet der VW Golf eines 26-J\u00e4hrigen wegen eines technischen Defekts in Brand. Dem Mann gelang es noch, sein Fahrzeug auf dem Standstreifen abzustellen und es unverletzt zu verlassen.\u00a0<\/p>\n<p>Die Feuerwehr Mannheim konnte das Feuer schnell unter Kontrolle bringen und es l\u00f6schen. Die Berufsfeuerwehr war mit zw\u00f6lf Personen vor Ort im Einsatz.<\/p>\n<p>F\u00fcr die Dauer der L\u00f6sch- und Bergungsarbeiten musste der rechte und der mittlere Fahrstreifen in Richtung S\u00fcden gesperrt werden. Dadurch entstanden geringe Verkehrsbeeintr\u00e4chtigungen. Ersten Sch\u00e4tzungen nach zu Folgen entstand ein Schaden von rund 5000 Euro.<\/p>\n","protected":false},"excerpt":{"rendered":"Mannheim. (pol\/vs) Ein Fahrzeug ist am fr\u00fchen Dienstagmorgen gegen 1.20 Uhr auf der A6 in Brand geraten. Wie&hellip;\n","protected":false},"author":2,"featured_media":161275,"comment_status":"","ping_status":"","sticky":false,"template":"","format":"standard","meta":{"footnotes":""},"categories":[1845],"tags":[1634,3364,29,548,663,3934,30,13,2096,14,15,17343,12],"class_list":{"0":"post-161274","1":"post","2":"type-post","3":"status-publish","4":"format-standard","5":"has-post-thumbnail","7":"category-mannheim","8":"tag-baden-wuerttemberg","9":"tag-de","10":"tag-deutschland","11":"tag-eu","12":"tag-europa","13":"tag-europe","14":"tag-germany","15":"tag-headlines","16":"tag-mannheim","17":"tag-nachrichten","18":"tag-news","19":"tag-polizei-blaulicht-heidelberg-mannheim-rhein-neckar-metropolregion-sinsheim-kraichgau-neckarodenwald-odenwald-bauland-heilbronn","20":"tag-schlagzeilen"},"share_on_mastodon":{"url":"https:\/\/pubeurope.com\/@de\/114618162567271441","error":""},"_links":{"self":[{"href":"https:\/\/www.europesays.com\/de\/wp-json\/wp\/v2\/posts\/161274","targetHints":{"allow":["GET"]}}],"collection":[{"href":"https:\/\/www.europesays.com\/de\/wp-json\/wp\/v2\/posts"}],"about":[{"href":"https:\/\/www.europesays.com\/de\/wp-json\/wp\/v2\/types\/post"}],"author":[{"embeddable":true,"href":"https:\/\/www.europesays.com\/de\/wp-json\/wp\/v2\/users\/2"}],"replies":[{"embeddable":true,"href":"https:\/\/www.europesays.com\/de\/wp-json\/wp\/v2\/comments?post=161274"}],"version-history":[{"count":0,"href":"https:\/\/www.europesays.com\/de\/wp-json\/wp\/v2\/posts\/161274\/revisions"}],"wp:featuredmedia":[{"embeddable":true,"href":"https:\/\/www.europesays.com\/de\/wp-json\/wp\/v2\/media\/161275"}],"wp:attachment":[{"href":"https:\/\/www.europesays.com\/de\/wp-json\/wp\/v2\/media?parent=161274"}],"wp:term":[{"taxonomy":"category","embeddable":true,"href":"https:\/\/www.europesays.com\/de\/wp-json\/wp\/v2\/categories?post=161274"},{"taxonomy":"post_tag","embeddable":true,"href":"https:\/\/www.europesays.com\/de\/wp-json\/wp\/v2\/tags?post=161274"}],"curies":[{"name":"wp","href":"https:\/\/api.w.org\/{rel}","templated":true}]}}