{"id":161288,"date":"2025-06-03T07:12:49","date_gmt":"2025-06-03T07:12:49","guid":{"rendered":"https:\/\/www.europesays.com\/de\/161288\/"},"modified":"2025-06-03T07:12:49","modified_gmt":"2025-06-03T07:12:49","slug":"da-ist-das-ding-der-bergischer-hc-feiert-die-meisterschaft","status":"publish","type":"post","link":"https:\/\/www.europesays.com\/de\/161288\/","title":{"rendered":"Da ist das Ding! Der Bergischer HC feiert die Meisterschaft"},"content":{"rendered":"<p class=\"small date article__date\">Ver\u00f6ffentlicht:\u00a0Montag, 02.06.2025 13:08<\/p>\n<p>Nach dem letzten Heimspiel hat der BHC mit seinen Fans gefeiert. Wir haben die Bilder und Stimmen dazu. <\/p>\n<p><img decoding=\"async\" alt=\"\" src=\"https:\/\/www.europesays.com\/de\/wp-content\/uploads\/2025\/06\/bhc-meisterschaft-meisterfeier-img_5077.jpeg&#038;crop=0x128x2048x1280&#038;resize=1280x800&#038;dt=202506020030030.jpeg\" data-size=\"1280x800\"\/>\u00a9 Thorsten Kabitz \/ Radio RSG<\/p>\n<p>Schon vor vier Wochen hat der Bergische HC den Wiederaufstieg in die 1. Handball-Bundesliga perfekt gemacht, seit drei Wochen ist den L\u00f6wen auch die Zweitliga-Meisterschaft nicht mehr zu nehmen. So richtig greifbar wurde es aber jetzt erst: Nach dem letzten Heimspiel der Saison bekam der BHC vor rund 3.000 Zushauern in der ausverkauften Uni-Halle offiziell die Meisterschale und die Medaillen des Ligaverbands \u00fcberreicht. Ein besonderes Gef\u00fchl, auch f\u00fcr BHC-Spieler Elias Scholtes, Torh\u00fcter Christopher Rudeck und Spielmacher Eloy Morante Maldonado.<\/p>\n<p>Your browser does not support the audio element.\u00a9 Radio RSG<\/p>\n<p>Aber, noch sind die L\u00f6wen nicht am Ziel aller Ziele: Im letzten Saisonspiel am kommenden Samstag (7. Juni) will der Bergische HC in Dessau mit dem 17. Sieg in Folge die makellose R\u00fcckrunde kr\u00f6nen und einen neuen Liga-Rekord aufstellen. Au\u00dferdem hat Eloy Morante Maldonado beste Chancen, zum Torsch\u00fctzenk\u00f6nig der Liga zu werden. <\/p>\n<p>Your browser does not support the audio element.\u00a9 Radio RSG<\/p>\n<p>Zum letzten Saisonspiel werden sich auch die Mitglieder vom Fanclub Bergische Handball L\u00f6wen auf den Weg nach Dessau machen &#8211; mit viel Vorfreude auf die kommende Saison im Gep\u00e4ck. <\/p>\n<p>Your browser does not support the audio element.\u00a9 Radio RSG<\/p>\n<p>Wie die L\u00f6wen den Saisonabschluss angehen, h\u00f6rt ihr auch im aktuellen <a href=\"https:\/\/www.radiorsg.de\/artikel\/bhc-podcast-loewenzeit-mit-yannick-fraatz-auf-jagd-nach-neuen-rekorden-2341338.html\" rel=\"noopener noreferrer nofollow\" target=\"_blank\">BHC-Podcast mit Yannick Fraatz.<\/a>  <\/p>\n","protected":false},"excerpt":{"rendered":"Ver\u00f6ffentlicht:\u00a0Montag, 02.06.2025 13:08 Nach dem letzten Heimspiel hat der BHC mit seinen Fans gefeiert. Wir haben die Bilder&hellip;\n","protected":false},"author":2,"featured_media":161289,"comment_status":"","ping_status":"","sticky":false,"template":"","format":"standard","meta":{"footnotes":""},"categories":[1840],"tags":[56267,9500,3364,29,30,1209,4418],"class_list":{"0":"post-161288","1":"post","2":"type-post","3":"status-publish","4":"format-standard","5":"has-post-thumbnail","7":"category-wuppertal","8":"tag-lwenzeit","9":"tag-bhc","10":"tag-de","11":"tag-deutschland","12":"tag-germany","13":"tag-nordrhein-westfalen","14":"tag-wuppertal"},"share_on_mastodon":{"url":"https:\/\/pubeurope.com\/@de\/114618197993119518","error":""},"_links":{"self":[{"href":"https:\/\/www.europesays.com\/de\/wp-json\/wp\/v2\/posts\/161288","targetHints":{"allow":["GET"]}}],"collection":[{"href":"https:\/\/www.europesays.com\/de\/wp-json\/wp\/v2\/posts"}],"about":[{"href":"https:\/\/www.europesays.com\/de\/wp-json\/wp\/v2\/types\/post"}],"author":[{"embeddable":true,"href":"https:\/\/www.europesays.com\/de\/wp-json\/wp\/v2\/users\/2"}],"replies":[{"embeddable":true,"href":"https:\/\/www.europesays.com\/de\/wp-json\/wp\/v2\/comments?post=161288"}],"version-history":[{"count":0,"href":"https:\/\/www.europesays.com\/de\/wp-json\/wp\/v2\/posts\/161288\/revisions"}],"wp:featuredmedia":[{"embeddable":true,"href":"https:\/\/www.europesays.com\/de\/wp-json\/wp\/v2\/media\/161289"}],"wp:attachment":[{"href":"https:\/\/www.europesays.com\/de\/wp-json\/wp\/v2\/media?parent=161288"}],"wp:term":[{"taxonomy":"category","embeddable":true,"href":"https:\/\/www.europesays.com\/de\/wp-json\/wp\/v2\/categories?post=161288"},{"taxonomy":"post_tag","embeddable":true,"href":"https:\/\/www.europesays.com\/de\/wp-json\/wp\/v2\/tags?post=161288"}],"curies":[{"name":"wp","href":"https:\/\/api.w.org\/{rel}","templated":true}]}}