{"id":161421,"date":"2025-06-03T08:24:09","date_gmt":"2025-06-03T08:24:09","guid":{"rendered":"https:\/\/www.europesays.com\/de\/161421\/"},"modified":"2025-06-03T08:24:09","modified_gmt":"2025-06-03T08:24:09","slug":"bayern-offensivspieler-cardona-verlaesst-fc-augsburg-endgueltig","status":"publish","type":"post","link":"https:\/\/www.europesays.com\/de\/161421\/","title":{"rendered":"Bayern: Offensivspieler Cardona verl\u00e4sst FC Augsburg endg\u00fcltig"},"content":{"rendered":"<p>                    Bayern<br \/>\n                Offensivspieler Cardona verl\u00e4sst FC Augsburg endg\u00fcltig<\/p>\n<p>\t\t\t\t              03.06.2025, 10:10 Uhr<\/p>\n<p><strong>Irvin Cardona kehrt nach seiner Ausleihe nicht mehr als Fu\u00dfball-Profi zum FC Augsburg zur\u00fcck. Seine sportliche Zukunft liegt in Frankreich.<\/strong><\/p>\n<p>Augsburg (dpa\/lby) &#8211; Der FC Augsburg und Offensivspieler Irvin Cardona gehen endg\u00fcltig getrennte Wege. Der 27-J\u00e4hrige, der seit der Winterpause an den franz\u00f6sischen Club AS Saint-\u00c9tienne ausgeliehen war, schlie\u00dft sich dem Club nun dauerhaft an. Saint-\u00c9tienne hat die Kaufoption gezogen und den Offensivspieler fest verpflichtet.<\/p>\n<p>&#8222;Der feste Wechsel ist f\u00fcr alle Beteiligten eine gute L\u00f6sung. Irvin bekommt die Chance, bei seinem neuen Club eine wichtige Rolle zu \u00fcbernehmen. Wir danken ihm f\u00fcr sein Engagement beim FCA und w\u00fcnschen ihm sportlich wie pers\u00f6nlich alles Gute f\u00fcr die Zukunft&#8220;, sagte Augsburgs Gesch\u00e4ftsf\u00fchrer Michael Str\u00f6ll laut Mitteilung.\u00a0<\/p>\n<p>13 Pflichtspiele f\u00fcr Augsburg<\/p>\n<p>Cardona war im Januar 2023 von Stade Brest zum schw\u00e4bischen Fu\u00dfball-Bundesligisten gewechselt. In der R\u00fcckrunde der Saison 2023\/24 wurde der Franzose erstmals an Saint-\u00c9tienne verliehen und trug mit starken Leistungen ma\u00dfgeblich zum Aufstieg in die Ligue 1 bei. Es folgte eine halbj\u00e4hrige Leihe zu Espanyol Barcelona, die aber vorzeitig beendet wurde.\u00a0<\/p>\n<p>Zur R\u00fcckrunde der abgelaufenen Spielzeit kehrte Cardona erneut nach Saint-\u00c9tienne zur\u00fcck \u2013 trotz f\u00fcnf Toren und drei Vorlagen in 15 Eins\u00e4tzen konnte er den direkten Wiederabstieg jedoch nicht verhindern.<\/p>\n<p>&#8222;Ich bedanke mich f\u00fcr die Zeit beim FCA \u2013 bei den Fans, bei den Mitspielern und bei den Verantwortlichen. Ich w\u00fcnsche dem Club f\u00fcr die Zukunft nur das Beste&#8220;, sagt Cardona, der f\u00fcr die Augsburger insgesamt 13 Pflichtspiele absolvierte. Dabei gl\u00fcckten ihm ein Tor und eine Vorlage.<\/p>\n<p>Trainingsauftakt Anfang Juli<\/p>\n<p>Die Augsburger starten in der ersten Juli-Woche in die Vorbereitung auf die neue Saison. Der neue Trainer Sandro Wagner soll dem FCA mehr Strahlkraft verleihen. Die Schwaben hatten sich nach der Saison von Jess Thorup getrennt. Die Augsburger hatten die Saison auf Rang zw\u00f6lf beendet und im Saison-Endspurt durch eine Niederlagenserie ihre Chancen auf einen Startplatz im Europapokal verspielt.<\/p>\n","protected":false},"excerpt":{"rendered":"Bayern Offensivspieler Cardona verl\u00e4sst FC Augsburg endg\u00fcltig 03.06.2025, 10:10 Uhr Irvin Cardona kehrt nach seiner Ausleihe nicht mehr&hellip;\n","protected":false},"author":2,"featured_media":161422,"comment_status":"","ping_status":"","sticky":false,"template":"","format":"standard","meta":{"footnotes":""},"categories":[1846],"tags":[680,772,56303,3364,29,548,663,3934,7579,30,13,14,15,55091,12],"class_list":{"0":"post-161421","1":"post","2":"type-post","3":"status-publish","4":"format-standard","5":"has-post-thumbnail","7":"category-augsburg","8":"tag-augsburg","9":"tag-bayern","10":"tag-cardona","11":"tag-de","12":"tag-deutschland","13":"tag-eu","14":"tag-europa","15":"tag-europe","16":"tag-fc","17":"tag-germany","18":"tag-headlines","19":"tag-nachrichten","20":"tag-news","21":"tag-offensivspieler","22":"tag-schlagzeilen"},"share_on_mastodon":{"url":"https:\/\/pubeurope.com\/@de\/114618477043747712","error":""},"_links":{"self":[{"href":"https:\/\/www.europesays.com\/de\/wp-json\/wp\/v2\/posts\/161421","targetHints":{"allow":["GET"]}}],"collection":[{"href":"https:\/\/www.europesays.com\/de\/wp-json\/wp\/v2\/posts"}],"about":[{"href":"https:\/\/www.europesays.com\/de\/wp-json\/wp\/v2\/types\/post"}],"author":[{"embeddable":true,"href":"https:\/\/www.europesays.com\/de\/wp-json\/wp\/v2\/users\/2"}],"replies":[{"embeddable":true,"href":"https:\/\/www.europesays.com\/de\/wp-json\/wp\/v2\/comments?post=161421"}],"version-history":[{"count":0,"href":"https:\/\/www.europesays.com\/de\/wp-json\/wp\/v2\/posts\/161421\/revisions"}],"wp:featuredmedia":[{"embeddable":true,"href":"https:\/\/www.europesays.com\/de\/wp-json\/wp\/v2\/media\/161422"}],"wp:attachment":[{"href":"https:\/\/www.europesays.com\/de\/wp-json\/wp\/v2\/media?parent=161421"}],"wp:term":[{"taxonomy":"category","embeddable":true,"href":"https:\/\/www.europesays.com\/de\/wp-json\/wp\/v2\/categories?post=161421"},{"taxonomy":"post_tag","embeddable":true,"href":"https:\/\/www.europesays.com\/de\/wp-json\/wp\/v2\/tags?post=161421"}],"curies":[{"name":"wp","href":"https:\/\/api.w.org\/{rel}","templated":true}]}}