{"id":161431,"date":"2025-06-03T08:29:11","date_gmt":"2025-06-03T08:29:11","guid":{"rendered":"https:\/\/www.europesays.com\/de\/161431\/"},"modified":"2025-06-03T08:29:11","modified_gmt":"2025-06-03T08:29:11","slug":"internationale-orgelkonzerte-im-freiburger-muenster-freiburg-im-breisgau-freiburger-muenster-17-06-2025-tickets-kaufen","status":"publish","type":"post","link":"https:\/\/www.europesays.com\/de\/161431\/","title":{"rendered":"Internationale Orgelkonzerte im Freiburger M\u00fcnster &#8211; Freiburg im Breisgau &#8211; Freiburger M\u00fcnster &#8211; 17.06.2025: Tickets kaufen"},"content":{"rendered":"<p>\t\t\t\t\t\t\tSeit \u00fcber 90 Jahren geh\u00f6rt diese Orgelkonzertreihe fest zum sommerlichen Kulturleben in Freiburg. Die einzigartige Orgelanlage im wunderbaren Raum des M\u00fcnsters ist ein Anziehungspunkt f\u00fcr hervorragende internationale Interpretinnen und Interpreten sowie f\u00fcr Orgelfreunde aus der ganzen Welt. Die Symbiose aus Raum und Klang inspiriert und fasziniert Interpreten und Zuh\u00f6rer gleicherma\u00dfen &#8211; so werden ganz besondere Klangerfahrungen und mitrei\u00dfende Konzerterlebnisse erfahrbar.<\/p>\n<p>Programm:<br \/>Johann Sebastian Bach (1685-1750)<br \/>Toccata, Adagio und Fuge C-Dur BWV 564<\/p>\n<p>Johannes Matthias Michel (*1962)<br \/>F\u00fcnf Meditationen zur Passion (2021)<br \/>1. Verstummender Schmerz<br \/>2. Zerrei\u00dfendes Kreuz<br \/>3. Geronnener Wind<br \/>4. Zerbrochene Nacht<br \/>5. Gefrorene Zeit <\/p>\n<p>Wolfgang Amadeus Mozart (1756-1791)<br \/>Serenade in G-Dur KV 525 (Eine kleine Nachtmusik)<br \/>Allegro &#8211; Romanze &#8211; Menuetto &#8211; Rondo<br \/>Bearbeitung Heinrich E. Grimm<\/p>\n<p>Arvo P\u00e4rt (*1935)<br \/>Annum per annum<\/p>\n<p>Marcel Lanquetuit (1894-1985)<br \/>Toccata in D-Dur<\/p>\n<p>Matthias Maierhofer ist seit 2016 Professor f\u00fcr Orgel an der Musikhochschule Freiburg und wirkt als Domorganist am M\u00fcnster Unserer Lieben Frau in Freiburg.<\/p>\n<p>Nach erster Ausbildung bei Karl Schmelzer-Ziringer studierte er Orgel-, Alte Musik- und Kirchenmusik an den Hochschulen von Graz, Freiburg, Leipzig und an der Schola Cantorum in Basel. Zu seinen Lehrern geh\u00f6rten u.a. Arvid Gast, Andrea Marcon, Kurt Neuhauser und Martin Schmeding. 2009 schloss er seine Studien mit einem Meisterklassen-Diplom mit Auszeichnung an der Musikhochschule Freiburg ab. 2007 konnte Matthias Maierhofer mit dem Pachelbel-Wettbewerb der ION N\u00fcrnberg einen der renommiertesten internationalen Orgelwettbewerbe gewinnen. Au\u00dferdem war er Preistr\u00e4ger beim Internationalen \u00bbFranz Schmidt-Orgelwettbewerb\u00ab von Kitzb\u00fchel 2008, beim Internationalen Bachwettbewerb Arnstadt 2007, beim Internationalen Orgelconcours von Nijmegen 2006 sowie beim Internationalen Orgelwettbewerb \u00bbM.K.Ciurlionis\u00ab in Vilnius 2003. Er wurde durch ein Kunststipendium des Landes Steiermark gef\u00f6rdert und 2008 mit einem Interpretationspreis der Gottfried von Einem Gesellschaft ausgezeichnet.<\/p>\n<p>Eine rege Konzertt\u00e4tigkeit f\u00fchrte ihn seither durch Europa, die USA, Russland, Japan und S\u00fcdkorea. Als Solist und auch als Continuospieler trat Matthias Maierhofer mit Ensembles wie dem Dresdner Kreuzchor, dem Thomanerchor Leipzig, dem Gewandhauschor Leipzig, der Staatskapelle Dresden, dem Leipziger Barockorchester und der Staatskapelle Halle auf. Am Freiburger M\u00fcnster musiziert er w\u00f6chentlich mit den Domsingknaben, der M\u00e4dchenkantorei, der Domkapelle und dem Domchor. Er wirkte bei CD-Produktionen und Publikationen der Edition Helbling mit, es liegen Aufnahmen bei diversen Rundfunkanstalten und bei den Labels Ambitus, Ambiente und Spektral vor.<\/p>\n<p>Von 2009 bis 2013 leitete er eine Orgelklasse an der Hochschule f\u00fcr Musik und Theater \u00bbFelix Mendelssohn Bartholdy\u00ab in Leipzig. 2013 wurde Matthias Maierhofer als Nachfolger von Prof. Dr. Gerre Hancock auf die Professur f\u00fcr Orgel und Kirchenmusik an die University of Texas in Austin (USA) berufen &#8211; dort wurde er 2015 aufgrund seiner p\u00e4dagogischen Leistungen zum Dean&#8217;s Fellow ernannt und mit dem Ducloux Fellowship des College of Fine Arts ausgezeichnet. Seine Lehrt\u00e4tigkeit als Gastprofessor und Dozent bei internationalen Meisterkursen verbindet ihn mit der Orgelakademie Kitzb\u00fchel in \u00d6sterreich und f\u00fchrte ihn in letzter Zeit u.a. an die Yale University (USA), die Korean National University of the Arts (S\u00fcdkorea) und die Paderewski Akademie in Polen. Studierende aus seiner Orgelklasse erhielten zahlreiche hochrangige Auszeichnungen bei bedeutenden Wettbewerben, Stipendienprogrammen und Stiftungen.<\/p>\n<p>Copyright: Jan K\u00fchle<\/p>\n<p>Quelle: Veranstalter<\/p>\n<p class=\"text-right reset-margin-padding\">Ver\u00f6ffentlicht am Di, 03. Juni 2025 um 10:25 Uhr<\/p>\n","protected":false},"excerpt":{"rendered":"Seit \u00fcber 90 Jahren geh\u00f6rt diese Orgelkonzertreihe fest zum sommerlichen Kulturleben in Freiburg. Die einzigartige Orgelanlage im wunderbaren&hellip;\n","protected":false},"author":2,"featured_media":161432,"comment_status":"","ping_status":"","sticky":false,"template":"","format":"standard","meta":{"footnotes":""},"categories":[1843],"tags":[47857,47858,3364,29,30,8970,1209],"class_list":{"0":"post-161431","1":"post","2":"type-post","3":"status-publish","4":"format-standard","5":"has-post-thumbnail","7":"category-muenster","8":"tag-badische-zeitung","9":"tag-bz-ticket-de","10":"tag-de","11":"tag-deutschland","12":"tag-germany","13":"tag-muenster","14":"tag-nordrhein-westfalen"},"share_on_mastodon":{"url":"https:\/\/pubeurope.com\/@de\/114618496705357183","error":""},"_links":{"self":[{"href":"https:\/\/www.europesays.com\/de\/wp-json\/wp\/v2\/posts\/161431","targetHints":{"allow":["GET"]}}],"collection":[{"href":"https:\/\/www.europesays.com\/de\/wp-json\/wp\/v2\/posts"}],"about":[{"href":"https:\/\/www.europesays.com\/de\/wp-json\/wp\/v2\/types\/post"}],"author":[{"embeddable":true,"href":"https:\/\/www.europesays.com\/de\/wp-json\/wp\/v2\/users\/2"}],"replies":[{"embeddable":true,"href":"https:\/\/www.europesays.com\/de\/wp-json\/wp\/v2\/comments?post=161431"}],"version-history":[{"count":0,"href":"https:\/\/www.europesays.com\/de\/wp-json\/wp\/v2\/posts\/161431\/revisions"}],"wp:featuredmedia":[{"embeddable":true,"href":"https:\/\/www.europesays.com\/de\/wp-json\/wp\/v2\/media\/161432"}],"wp:attachment":[{"href":"https:\/\/www.europesays.com\/de\/wp-json\/wp\/v2\/media?parent=161431"}],"wp:term":[{"taxonomy":"category","embeddable":true,"href":"https:\/\/www.europesays.com\/de\/wp-json\/wp\/v2\/categories?post=161431"},{"taxonomy":"post_tag","embeddable":true,"href":"https:\/\/www.europesays.com\/de\/wp-json\/wp\/v2\/tags?post=161431"}],"curies":[{"name":"wp","href":"https:\/\/api.w.org\/{rel}","templated":true}]}}