{"id":161562,"date":"2025-06-03T09:41:11","date_gmt":"2025-06-03T09:41:11","guid":{"rendered":"https:\/\/www.europesays.com\/de\/161562\/"},"modified":"2025-06-03T09:41:11","modified_gmt":"2025-06-03T09:41:11","slug":"fw-mg-kuechenbrand-im-einfamilienhaus-presseportal","status":"publish","type":"post","link":"https:\/\/www.europesays.com\/de\/161562\/","title":{"rendered":"FW-MG: K\u00fcchenbrand im Einfamilienhaus | Presseportal"},"content":{"rendered":"<p class=\"date\">03.06.2025 \u2013 11:14<\/p>\n<p class=\"customer\">\n                        <a class=\"story-customer\" title=\"weiter zum newsroom von Feuerwehr M\u00f6nchengladbach\" href=\"https:\/\/www.presseportal.de\/blaulicht\/nr\/115879\" rel=\"nofollow noopener\" target=\"_blank\">Feuerwehr M\u00f6nchengladbach<\/a>\n                    <\/p>\n<p><a class=\"glightbox event-trigger\" href=\"https:\/\/cache.pressmailing.net\/thumbnail\/story_hires\/f4d18f5a-2a94-453f-8376-67c209fc1c52\/Logo_PresseBRAND_neu.jpg.jpg\" data-description=\"FW-MG\" data-category=\"medialightbox\" data-action=\"click\" data-label=\"single\" data-value=\"683ebcfc270000fd2c9dcb4b\" rel=\"nofollow noopener\" target=\"_blank\"><img decoding=\"async\" height=\"540\" with=\"720\" src=\"https:\/\/www.europesays.com\/de\/wp-content\/uploads\/2025\/06\/fw-mg-k-chenbrand-im-einfamilienhaus.jpeg\"   alt=\"FW-MG: K\u00fcchenbrand im Einfamilienhaus\" class=\"single\"\/><\/a><\/p>\n<p><a data-category=\"citylink-story-view\" data-action=\"click\" data-label=\"Citylink in Meldungsansicht\" class=\"story-city event-trigger\" href=\"https:\/\/www.presseportal.de\/regional\/M%F6nchengladbach-Giesenkirchen%2C%2003.06.2025%2C%2008%3A30%20Uhr%2C%20Friesenstra%DFe\" title=\"News aus M\u00f6nchengladbach-Giesenkirchen, 03.06.2025, 08:30 Uhr, Friesenstra\u00dfe \" rel=\"nofollow noopener\" target=\"_blank\">M\u00f6nchengladbach-Giesenkirchen, 03.06.2025, 08:30 Uhr, Friesenstra\u00dfe<\/a> (ots)<\/p>\n<p>Am heutigen Morgen wurde die Feuerwehr zu einem K\u00fcchenbrand auf der Friesenstra\u00dfe alarmiert. Ein Elektroger\u00e4t hatte sich entz\u00fcndet und die Bewohner beim Fr\u00fchst\u00fcck \u00fcberrascht.<br \/>\nDer Eigent\u00fcmer hatte umgehend einen L\u00f6schversuch mit einem Feuerl\u00f6scher unternommen und das Feuer so einged\u00e4mmt. Die eintreffenden Kr\u00e4fte erkundeten den betroffenen Bereich mit Pressluftatmern und f\u00fchrten weitere L\u00f6schma\u00dfnahmen mittels Kleinl\u00f6schger\u00e4t durch. Parallel wurde ein Hochleistungsl\u00fcfter eingesetzt, um das Geb\u00e4ude zu entrauchen. Der Eigent\u00fcmer wurde zur vorsorglichen Abkl\u00e4rung einer Rauchgasvergiftung dem Rettungsdienst \u00fcbergeben und im weiteren Verlauf in ein Krankenhaus transportiert. Ein Hund und zwei Katzen konnten vor Eintreffen der Feuerwehr durch eine Bewohnerin in Sicherheit gebracht werden.<br \/>\nNach Abschluss der L\u00f6scharbeiten wurde das Haus wieder an die Bewohnerin \u00fcbergeben.<\/p>\n<p>Im Einsatz waren der L\u00f6schzug der Feuer- und Rettungswache III (Rheydt), ein Rettungswagen, ein Notarzt der Stadt M\u00f6nchengladbach sowie der F\u00fchrungsdienst der Berufsfeuerwehr.<\/p>\n<p>Einsatzleiter: Brandamtmann Stephan M\u00fcller<\/p>\n<p class=\"contact-headline\">R\u00fcckfragen bitte an:<\/p>\n<p class=\"contact-text\">Stadt M\u00f6nchengladbach<br \/>Fachbereich 37 &#8211; Feuerwehr<br \/>F\u00fchrungs- und Lagezentrum<br \/>Stockholtweg 132<br \/>41238 M\u00f6nchengladbach<\/p>\n<p>Telefon: 02166\/9989-0<br \/>Fax: 02166\/9989-37729<br \/>E-Mail: <a href=\"https:\/\/www.presseportal.de\/blaulicht\/pm\/115879\/mailto: leitstelle.feuerwehr@moenchengladbach.de\" class=\"uri-mailto\" rel=\"nofollow noopener\" target=\"_blank\"> leitstelle.feuerwehr@moenchengladbach.de<\/a><br \/><a target=\"_blank\" class=\"uri-ext outbound\" rel=\"noopener nofollow\" href=\"http:\/\/www.feuerwehr-mg.de\/\">http:\/\/www.feuerwehr-mg.de\/<\/a><\/p>\n<p class=\"originator\">Original-Content von: Feuerwehr M\u00f6nchengladbach, \u00fcbermittelt durch news aktuell<\/p>\n","protected":false},"excerpt":{"rendered":"03.06.2025 \u2013 11:14 Feuerwehr M\u00f6nchengladbach M\u00f6nchengladbach-Giesenkirchen, 03.06.2025, 08:30 Uhr, Friesenstra\u00dfe (ots) Am heutigen Morgen wurde die Feuerwehr zu&hellip;\n","protected":false},"author":2,"featured_media":161563,"comment_status":"","ping_status":"","sticky":false,"template":"","format":"standard","meta":{"footnotes":""},"categories":[1849],"tags":[2919,3364,29,548,663,3934,985,30,13,4455,14,15,1209,176,178,180,179,181,12],"class_list":{"0":"post-161562","1":"post","2":"type-post","3":"status-publish","4":"format-standard","5":"has-post-thumbnail","7":"category-moenchengladbach","8":"tag-brand","9":"tag-de","10":"tag-deutschland","11":"tag-eu","12":"tag-europa","13":"tag-europe","14":"tag-feuerwehr","15":"tag-germany","16":"tag-headlines","17":"tag-moenchengladbach","18":"tag-nachrichten","19":"tag-news","20":"tag-nordrhein-westfalen","21":"tag-nrw","22":"tag-presse","23":"tag-pressemeldung","24":"tag-pressemitteilung","25":"tag-pressemitteilungen","26":"tag-schlagzeilen"},"share_on_mastodon":{"url":"https:\/\/pubeurope.com\/@de\/114618779869467583","error":""},"_links":{"self":[{"href":"https:\/\/www.europesays.com\/de\/wp-json\/wp\/v2\/posts\/161562","targetHints":{"allow":["GET"]}}],"collection":[{"href":"https:\/\/www.europesays.com\/de\/wp-json\/wp\/v2\/posts"}],"about":[{"href":"https:\/\/www.europesays.com\/de\/wp-json\/wp\/v2\/types\/post"}],"author":[{"embeddable":true,"href":"https:\/\/www.europesays.com\/de\/wp-json\/wp\/v2\/users\/2"}],"replies":[{"embeddable":true,"href":"https:\/\/www.europesays.com\/de\/wp-json\/wp\/v2\/comments?post=161562"}],"version-history":[{"count":0,"href":"https:\/\/www.europesays.com\/de\/wp-json\/wp\/v2\/posts\/161562\/revisions"}],"wp:featuredmedia":[{"embeddable":true,"href":"https:\/\/www.europesays.com\/de\/wp-json\/wp\/v2\/media\/161563"}],"wp:attachment":[{"href":"https:\/\/www.europesays.com\/de\/wp-json\/wp\/v2\/media?parent=161562"}],"wp:term":[{"taxonomy":"category","embeddable":true,"href":"https:\/\/www.europesays.com\/de\/wp-json\/wp\/v2\/categories?post=161562"},{"taxonomy":"post_tag","embeddable":true,"href":"https:\/\/www.europesays.com\/de\/wp-json\/wp\/v2\/tags?post=161562"}],"curies":[{"name":"wp","href":"https:\/\/api.w.org\/{rel}","templated":true}]}}