{"id":161662,"date":"2025-06-03T10:35:12","date_gmt":"2025-06-03T10:35:12","guid":{"rendered":"https:\/\/www.europesays.com\/de\/161662\/"},"modified":"2025-06-03T10:35:12","modified_gmt":"2025-06-03T10:35:12","slug":"das-kurzfilmfestival-startet-mehr-als-300-filme-in-15-kinos","status":"publish","type":"post","link":"https:\/\/www.europesays.com\/de\/161662\/","title":{"rendered":"Das Kurzfilmfestival startet \u2013 mehr als 300 Filme in 15 Kinos"},"content":{"rendered":"<p>Kino Hamburg <\/p>\n<p>300 Filme in mehr als 15 Kinos: Das Kurzfilmfestival startet<\/p>\n<p>03.06.2025 &#8211; 12:28 UhrLesedauer: 2 Min.<\/p>\n<p><a href=\"#focus-0\" class=\"transition-colors duration-200 focus-within:text-magenta block text-current relative\" data-sctrack=\"FocusGalleryImage.Reference\"><img fetchpriority=\"high\" data-testid=\"Opener.Image\" style=\"--lqipURL:url('https:\/\/images.t-online.de\/2025\/06\/Iq3dUsgkPfAX\/0x119:4000x2250\/fit-in\/150x0\/filters:blur(25)\/ein-paerchen-sitzt-im-kino-und-isst-popcorn-symbolbild-in-hamburg-findet-vom-03-bis-08-juni-das-kurzfilmfestival-statt.jpg')\"   loading=\"eager\" src=\"https:\/\/www.europesays.com\/de\/wp-content\/uploads\/2025\/06\/ein-paerchen-sitzt-im-kino-und-isst-popcorn-symbolbild-in-hamburg-findet-vom-03-bis-08-juni-das-kurz.jpeg\" alt=\"imago images 0810007389\" title=\"imago images 0810007389\" width=\"4000\" height=\"2250\" class=\"bg-[url:var(--lqipURL)] bg-cover bg-center flex w-full max-w-full h-full\" decoding=\"async\"\/><img style=\"--width:32;--height:32\" loading=\"lazy\" src=\"https:\/\/www.europesays.com\/de\/wp-content\/uploads\/2025\/04\/1743617728_477_zoom-in.f7dae02f.svg.svg+xml\" alt=\"Vergr\u00f6\u00dfern des Bildes\" title=\"Vergr\u00f6\u00dfern des Bildes\" class=\"&#10;        block&#10;        h-[calc(var(--height)_\/_16_*_1rem)]&#10;        w-[calc(var(--width)_\/_16_*_1rem)]&#10;        max-w-none&#10;        absolute bottom-8 right-8 rounded-4 bg-snow p-8\" decoding=\"async\"\/><\/a><\/p>\n<p>Ein P\u00e4rchen sitzt im Kino und isst Popcorn (Symbolbild): In Hamburg findet vom 03. bis 08. Juni das Kurzfilmfestival statt. (Quelle: IMAGO \/ imagebroker)<\/p>\n<p class=\"font-bold text-18 leading-17\">In dieser Woche findet in Hamburg zum 41. Mal das Kurzfilmfestival statt. In verschiedensten Filmen geht es zum Beispiel um Glitzer als Zeichen queerer Emanzipation und sozialen Wohnungsbau in Hamburg.<\/p>\n<p class=\"text-18 leading-17\">Morgens bis abends in verschiedenen Kinos sitzen und dutzende Filme schauen, mal mit Popcorn und mal mit Schokoladeneis: Klingt nach einem kindlichen Traum \u2013 doch er k\u00f6nnte in den n\u00e4chsten Tagen auch f\u00fcr Erwachsene in Erf\u00fcllung gehen: vom 3. bis zum 8. Juni findet in Hamburg das 41. Kurzfilm Festival Hamburg statt. Dieses Jahr steht das Festival unter dem Motto &#8222;Provokation der Liebe&#8220;.<\/p>\n<p class=\"text-18 leading-17\">An mehr als 15 Locations laufen in den n\u00e4chsten Tagen 300 Kurzfilme: Wer sich durch das Programm des diesj\u00e4hrigen Festivals wuselt, k\u00f6nnte schnell \u00fcberfordert sein von der schieren Masse an M\u00f6glichkeiten. t-online hat einen \u00dcberblick \u00fcber ausgew\u00e4hlte Highlights erstellt.<\/p>\n<p class=\"text-18 leading-17\">Es funkelt, gl\u00e4nzt und macht gute Laune: Wer ist kein Fan von Glitzer? Doch die lichtreflektierenden Partikel waren und sind mehr als Deko oder Schmuck: Das Filmprogramm &#8222;Glitter For All!&#8220; zeigt die Bedeutung von Glitzer in den Emanzipationsbewegungen von Schwarzen und queeren Menschen des 20. und 21. Jahrhunderts sowie die besondere \u00c4sthetik in den goldenen Zwanzigern.<\/p>\n<p class=\"text-18 leading-17\">&#8222;Zwischen Trash und Luxus, Tradition und Rebellion&#8220;, so steht es in der Beschreibung zum Programm, das sieben unterschiedlichste Kurzfilme beinhaltet. &#8222;Glitter For All!&#8220; ist kuratiert von Anna Feistel und l\u00e4uft am Donnerstag, den 5. Juni um 19 Uhr im 3001 Kino und am Freitag, den 6. Juni, um 21.30 Uhr im Festival Center Post Lampenlager.<\/p>\n<p class=\"text-18 leading-17\">Maximal drei Minuten lang d\u00fcrfen die Filme sein \u2013 und zum Motto &#8222;Mission Impossible&#8220; passen: zum 38. Mal findet der Wettbewerb Dreifacher Axel statt. Der Kurzfilmpreis wird von der Hamburgischen Kulturstiftung verliehen. Die insgesamt 25 Filme drehen sich um waghalsige Vorhaben und spektakul\u00e4re Herausforderungen \u2013 von Animation bis Schwarz-Wei\u00df und Farbfilme.<\/p>\n<p class=\"text-18 leading-17\">Ganze dreimal k\u00f6nnen Filmbegeisterte die Programme sehen: Am Mittwoch, den 04. Juni um 19.30 Uhr im Lichtmess Kino, am Freitag, den 6. Juni um 21 Uhr im Festivalcenter Post Saal und am Samstag um 19 Uhr im 3001 Kino.<\/p>\n<p class=\"text-18 leading-17\">In zwei Filmprogrammen von den &#8222;Hamburger Positionen&#8220; geht es um sozialen Wohnungsbau und die Stadtentwicklung der Hansestadt, von der Wohnungsmisere der 60er-Jahre, \u00fcber Sanierungspolitik in Hamburg und die Klassenfrage. Kuratiert sind die Programme von Florian W\u00fcst.<\/p>\n<p class=\"text-18 leading-17\">Der erste Teil &#8222;Wohnste sozial&#8230;&#8220; l\u00e4uft am Mittwoch, den 4. Juni um 19 Uhr im Festival Center Post Saal und am Samstag, den 7. Juni um 21.30 Uhr im 3001 Kino. Der zweite Teil &#8222;&#8230;Haste die Qual&#8220; l\u00e4uft am Donnerstag um 19 Uhr im Lichtmess Kino und am Freitag um 18.30 Uhr im Festival Center Post Saal.<\/p>\n<p class=\"text-18 leading-17\">Das Kurzfilmfestival Hamburg ist laut Eigenangaben eines &#8222;der renommiertesten und wichtigsten Kurzfilmfestivals Europas&#8220;. Die ausgestrahlten Filme k\u00f6nnen Preise in den Kategorien Internationaler Wettbewerb, Deutscher Wettbewerb und Dreifacher Axel gewinnen.<\/p>\n<p class=\"text-18 leading-17\">Zum ersten Mal findet in diesem Jahr zudem ein Nachbarschaftsflohmarkt statt. Am Kaltenkirchener Platz k\u00f6nnen am Sonntag, den 8. Juni von 11 bis 15 Uhr Klamotten und Gegenst\u00e4nde aus zweiter Hand erworben werden.<\/p>\n","protected":false},"excerpt":{"rendered":"Kino Hamburg 300 Filme in mehr als 15 Kinos: Das Kurzfilmfestival startet 03.06.2025 &#8211; 12:28 UhrLesedauer: 2 Min.&hellip;\n","protected":false},"author":2,"featured_media":161663,"comment_status":"","ping_status":"","sticky":false,"template":"","format":"standard","meta":{"footnotes":""},"categories":[1826],"tags":[29,5561,30,692,37249,56367],"class_list":{"0":"post-161662","1":"post","2":"type-post","3":"status-publish","4":"format-standard","5":"has-post-thumbnail","7":"category-hamburg","8":"tag-deutschland","9":"tag-festival","10":"tag-germany","11":"tag-hamburg","12":"tag-kurzfilm","13":"tag-kurzfilmfestival"},"share_on_mastodon":{"url":"https:\/\/pubeurope.com\/@de\/114618992231080925","error":""},"_links":{"self":[{"href":"https:\/\/www.europesays.com\/de\/wp-json\/wp\/v2\/posts\/161662","targetHints":{"allow":["GET"]}}],"collection":[{"href":"https:\/\/www.europesays.com\/de\/wp-json\/wp\/v2\/posts"}],"about":[{"href":"https:\/\/www.europesays.com\/de\/wp-json\/wp\/v2\/types\/post"}],"author":[{"embeddable":true,"href":"https:\/\/www.europesays.com\/de\/wp-json\/wp\/v2\/users\/2"}],"replies":[{"embeddable":true,"href":"https:\/\/www.europesays.com\/de\/wp-json\/wp\/v2\/comments?post=161662"}],"version-history":[{"count":0,"href":"https:\/\/www.europesays.com\/de\/wp-json\/wp\/v2\/posts\/161662\/revisions"}],"wp:featuredmedia":[{"embeddable":true,"href":"https:\/\/www.europesays.com\/de\/wp-json\/wp\/v2\/media\/161663"}],"wp:attachment":[{"href":"https:\/\/www.europesays.com\/de\/wp-json\/wp\/v2\/media?parent=161662"}],"wp:term":[{"taxonomy":"category","embeddable":true,"href":"https:\/\/www.europesays.com\/de\/wp-json\/wp\/v2\/categories?post=161662"},{"taxonomy":"post_tag","embeddable":true,"href":"https:\/\/www.europesays.com\/de\/wp-json\/wp\/v2\/tags?post=161662"}],"curies":[{"name":"wp","href":"https:\/\/api.w.org\/{rel}","templated":true}]}}