{"id":161757,"date":"2025-06-03T11:25:09","date_gmt":"2025-06-03T11:25:09","guid":{"rendered":"https:\/\/www.europesays.com\/de\/161757\/"},"modified":"2025-06-03T11:25:09","modified_gmt":"2025-06-03T11:25:09","slug":"asylpolitik-zahl-der-asylantraege-in-deutschland-leicht-gesunken","status":"publish","type":"post","link":"https:\/\/www.europesays.com\/de\/161757\/","title":{"rendered":"Asylpolitik: Zahl der Asylantr\u00e4ge in Deutschland leicht gesunken"},"content":{"rendered":"<p>\n                        Die Zahl der Asylantr\u00e4ge sind nach Informationen von ZEIT ONLINE erneut gefallen. Laut dem Bundesamt f\u00fcr Migration und Fl\u00fcchtlinge gab es im Mai unter 8.000 Erstantr\u00e4ge.\n                    <\/p>\n<p>            Schlie\u00dfen<\/p>\n<p>            Ver\u00f6ffentlicht am<br \/>\n                <\/p>\n<p>                Schlie\u00dfen<br \/>\n                Artikelzusammenfassung<\/p>\n<p>Die Zahl der Asylantr\u00e4ge in Deutschland ist weiter gesunken, mit unter 8.000 Erstantr\u00e4gen und etwa 2.000 Folgeantr\u00e4gen im aktuellen Jahr. Das Bundesamt f\u00fcr Migration und Fl\u00fcchtlinge best\u00e4tigte diese Zahlen, die durch strengere Grenzkontrollen in Deutschland und anderen europ\u00e4ischen L\u00e4ndern sowie erh\u00f6hte Preise der Schleuser beeinflusst werden.<\/p>\n<p>                Dies ist ein experimentelles Tool. Die Resultate k\u00f6nnen unvollst\u00e4ndig, veraltet oder sogar falsch sein.<\/p>\n<p class=\"summy__feedback-paragraph\">Fanden Sie die Zusammenfassung hilfreich? <\/p>\n<p>                        Gef\u00e4llt mir<\/p>\n<p>                        Gef\u00e4llt mir<\/p>\n<p>                        Gef\u00e4llt mir nicht<\/p>\n<p>                        Gef\u00e4llt mir nicht<\/p>\n<p>                        Send<\/p>\n<p>            <img decoding=\"async\" class=\"article__media-item\" src=\"https:\/\/www.europesays.com\/de\/wp-content\/uploads\/2025\/06\/1748949909_602_wide__1000x562.jpeg\" alt=\"Asylpolitik: Eine Fl\u00fcchtlingsunterkunft in Berlin-Kreuzberg: Die Zahl der Erstantr\u00e4ge auf Asyl sind in Deutschland im Mai auf unter 8.000 gefallen.\"\/><\/p>\n<p>                    Eine Fl\u00fcchtlingsunterkunft in Berlin-Kreuzberg: Die Zahl der Erstantr\u00e4ge auf Asyl sind in Deutschland im Mai auf unter 8.000 gefallen.<br \/>\n            \u00a9\u00a0Sean Gallup\/\u200bGetty Images<\/p>\n<p class=\"paragraph article__item\">Die Zahl der Asylantr\u00e4ge in Deutschland ist weiter gesunken.\u00a0Demnach wurden erstmals in diesem Jahr unter 8.000 Erstantr\u00e4ge registriert, dazu kommen etwa 2.000 Folgeantr\u00e4ge.\u00a0Das best\u00e4tigte das\u00a0Bundesamt f\u00fcr Migration und Fl\u00fcchtlinge (<a class=\"rtr-entity\" href=\"https:\/\/www.zeit.de\/thema\/bamf\" rel=\"nofollow noopener\" target=\"_blank\">BAMF<\/a>) ZEIT ONLINE.\u00a0Zuvor hatte die Bild-Zeitung dar\u00fcber berichtet.\n<\/p>\n<p class=\"paragraph article__item\">Im April hatte es laut BAMF noch rund 9.100 Erstantr\u00e4ge gegeben, im M\u00e4rz knapp 9.000, im Februar etwa 11.200.\n<\/p>\n<p class=\"paragraph article__item\">Wie ZEIT ONLINE erfuhr, sollen die strengeren Grenzkontrollen in Deutschland allerdings nur einer von mehreren Gr\u00fcnden f\u00fcr die sinkenden Zahlen sein. Aufgrund der insgesamt strengeren Kontrollen auch in anderen europ\u00e4ischen L\u00e4ndern h\u00e4tten die Schleuser ihre Preise zum Teil deutlich erh\u00f6ht. Viele k\u00f6nnten sich die Flucht daher nicht mehr leisten.\u00a0\n<\/p>\n<p class=\"paragraph article__item\">Diese Meldung wird weiter aktualisiert.<\/p>\n","protected":false},"excerpt":{"rendered":"Die Zahl der Asylantr\u00e4ge sind nach Informationen von ZEIT ONLINE erneut gefallen. Laut dem Bundesamt f\u00fcr Migration und&hellip;\n","protected":false},"author":2,"featured_media":161758,"comment_status":"","ping_status":"","sticky":false,"template":"","format":"standard","meta":{"footnotes":""},"categories":[2],"tags":[331,3924,332,3922,7299,1680,56409,535,56411,3364,29,56410,30,13,14,3923,15,3921,16,12],"class_list":{"0":"post-161757","1":"post","2":"type-post","3":"status-publish","4":"format-standard","5":"has-post-thumbnail","7":"category-deutschland","8":"tag-aktuelle-nachrichten","9":"tag-aktuelle-nachrichten-aus-deutschland","10":"tag-aktuelle-news","11":"tag-aktuelle-news-aus-deutschland","12":"tag-asylantrag","13":"tag-asylpolitik","14":"tag-asylzahl","15":"tag-bamf","16":"tag-behoerdenkreis","17":"tag-de","18":"tag-deutschland","19":"tag-erstantrag","20":"tag-germany","21":"tag-headlines","22":"tag-nachrichten","23":"tag-nachrichten-aus-deutschland","24":"tag-news","25":"tag-news-aus-deutschland","26":"tag-politik","27":"tag-schlagzeilen"},"share_on_mastodon":{"url":"https:\/\/pubeurope.com\/@de\/114619189057535527","error":""},"_links":{"self":[{"href":"https:\/\/www.europesays.com\/de\/wp-json\/wp\/v2\/posts\/161757","targetHints":{"allow":["GET"]}}],"collection":[{"href":"https:\/\/www.europesays.com\/de\/wp-json\/wp\/v2\/posts"}],"about":[{"href":"https:\/\/www.europesays.com\/de\/wp-json\/wp\/v2\/types\/post"}],"author":[{"embeddable":true,"href":"https:\/\/www.europesays.com\/de\/wp-json\/wp\/v2\/users\/2"}],"replies":[{"embeddable":true,"href":"https:\/\/www.europesays.com\/de\/wp-json\/wp\/v2\/comments?post=161757"}],"version-history":[{"count":0,"href":"https:\/\/www.europesays.com\/de\/wp-json\/wp\/v2\/posts\/161757\/revisions"}],"wp:featuredmedia":[{"embeddable":true,"href":"https:\/\/www.europesays.com\/de\/wp-json\/wp\/v2\/media\/161758"}],"wp:attachment":[{"href":"https:\/\/www.europesays.com\/de\/wp-json\/wp\/v2\/media?parent=161757"}],"wp:term":[{"taxonomy":"category","embeddable":true,"href":"https:\/\/www.europesays.com\/de\/wp-json\/wp\/v2\/categories?post=161757"},{"taxonomy":"post_tag","embeddable":true,"href":"https:\/\/www.europesays.com\/de\/wp-json\/wp\/v2\/tags?post=161757"}],"curies":[{"name":"wp","href":"https:\/\/api.w.org\/{rel}","templated":true}]}}