{"id":162088,"date":"2025-06-03T14:25:14","date_gmt":"2025-06-03T14:25:14","guid":{"rendered":"https:\/\/www.europesays.com\/de\/162088\/"},"modified":"2025-06-03T14:25:14","modified_gmt":"2025-06-03T14:25:14","slug":"gewitter-und-regenfront-droht-an-pfingsten","status":"publish","type":"post","link":"https:\/\/www.europesays.com\/de\/162088\/","title":{"rendered":"Gewitter- und Regenfront droht an Pfingsten"},"content":{"rendered":"<p>Fast 70 Liter Regen <\/p>\n<p>Gewitter- und Regenfront bedroht D\u00fcsseldorf<\/p>\n<p>03.06.2025 &#8211; 15:56 UhrLesedauer: 2 Min.<\/p>\n<p><a href=\"#focus-0\" class=\"transition-colors duration-200 focus-within:text-magenta block text-current relative\" data-sctrack=\"FocusGalleryImage.Reference\"><img fetchpriority=\"high\" data-testid=\"Opener.Image\" style=\"--lqipURL:url('https:\/\/images.t-online.de\/2025\/06\/YCnlWKdHQvVj\/0x148:2835x1595\/fit-in\/150x0\/filters:blur(25)\/autos-waehrend-starker-regenfaelle-auf-einer-strasse-archivbild-an-pfingsten-drohen-in-koeln-und-der-region-erneut-starke-schauer-und-gewitter.jpg')\"   loading=\"eager\" src=\"https:\/\/www.europesays.com\/de\/wp-content\/uploads\/2025\/06\/autos-waehrend-starker-regenfaelle-auf-einer-strasse-archivbild-an-pfingsten-drohen-in-koeln-und-der.jpeg\" alt=\"Autos w\u00e4hrend starker Regenf\u00e4lle auf einer Stra\u00dfe (Archivbild): An Pfingsten drohen in K\u00f6ln und der Region erneut starke Schauer und Gewitter.\" title=\"Autos w\u00e4hrend starker Regenf\u00e4lle auf einer Stra\u00dfe (Archivbild): An Pfingsten drohen in K\u00f6ln und der Region erneut starke Schauer und Gewitter.\" width=\"2835\" height=\"1595\" class=\"bg-[url:var(--lqipURL)] bg-cover bg-center flex w-full max-w-full h-full\" decoding=\"async\"\/><img style=\"--width:32;--height:32\" loading=\"lazy\" src=\"https:\/\/www.europesays.com\/de\/wp-content\/uploads\/2025\/05\/zoom-in.f7dae02f.svg.svg+xml\" alt=\"Vergr\u00f6\u00dfern des Bildes\" title=\"Vergr\u00f6\u00dfern des Bildes\" class=\"&#10;        block&#10;        h-[calc(var(--height)_\/_16_*_1rem)]&#10;        w-[calc(var(--width)_\/_16_*_1rem)]&#10;        max-w-none&#10;        absolute bottom-8 right-8 rounded-4 bg-snow p-8\" decoding=\"async\"\/><\/a><\/p>\n<p>Autos w\u00e4hrend starker Regenf\u00e4lle auf einer Stra\u00dfe (Archivbild): An Pfingsten drohen in D\u00fcsseldorf und der Region erneut starke Schauer und Gewitter. (Quelle: J\u00fcrgen Theobald)<\/p>\n<p class=\"font-bold text-18 leading-17\">Am Wochenende erwarten D\u00fcsseldorf und Nordrhein-Westfalen Schauer und Gewitter. Pfingsten droht ins Wasser zu fallen.<\/p>\n<p class=\"text-18 leading-17\">Auch der <a class=\"transition-colors duration-200 cursor-pointer text-inherit no-underline text-salemsfur md:hover:text-magenta md:hover:border-magenta md:focus:text-magenta border-current border-b border-solid break-words\" href=\"https:\/\/www.t-online.de\/leben\/aktuelles\/id_83861730\/deutscher-wetterdienst-gelb-bis-violett-das-bedeuten-die-unwetterwarnstufen.html\" data-sctrack=\"BodyAnchor\" target=\"_blank\" rel=\"noopener\">Deutsche Wetterdienst (DWD)<\/a> rechnet in Nordrhein-Westfalen ab Donnerstag gebietsweise mit Regen. Ab dem Nachmittag kommen zudem Schauer hinzu und der Wind frischt stark auf. Ab Freitag (6. Juni) erwarten die Meteorologen dann neue Gewitter in D\u00fcsseldorf und der Region: Einige Modelle rechnen am Freitag alleine mit bis zu 20 Liter Regen pro Quadratmeter.<\/p>\n<p>Video | Hagel so gro\u00df wie Tischtennisb\u00e4lle prasseln in NRW nieder<\/p>\n<p><img   loading=\"lazy\" src=\"https:\/\/www.europesays.com\/de\/wp-content\/uploads\/2025\/06\/1748960714_836_image.jpg\" alt=\"\" title=\"\" width=\"960\" height=\"540\" class=\"w-full\" decoding=\"async\"\/><img style=\"--width:66;--height:64\" loading=\"lazy\" src=\"https:\/\/www.europesays.com\/de\/wp-content\/uploads\/2025\/04\/loading-indicator.1490436c.svg.svg+xml\" alt=\"Video l\u00e4dt\" title=\"Video l\u00e4dt\" class=\"&#10;        block&#10;        h-[calc(var(--height)_\/_16_*_1rem)]&#10;        w-[calc(var(--width)_\/_16_*_1rem)]&#10;        max-w-none&#10;        undefined\" decoding=\"async\"\/>Quelle: Glomex<\/p>\n<p class=\"text-18 leading-17\">Ganz so stark sollen die Gewitter am Wochenende nicht ausfallen, daf\u00fcr ist lang anhaltender Regen wahrscheinlich. Bis <a class=\"transition-colors duration-200 cursor-pointer text-inherit no-underline text-salemsfur md:hover:text-magenta md:hover:border-magenta md:focus:text-magenta border-current border-b border-solid break-words\" href=\"https:\/\/www.t-online.de\/leben\/familie\/feiertage\/id_69224236\/pfingsten-was-wird-gefeiert-alle-infos-rund-um-den-feiertag.html\" data-sctrack=\"BodyAnchor\" target=\"_blank\" rel=\"noopener\">Pfingstmontag<\/a> sollen in D\u00fcsseldorf laut Modell des Europ\u00e4ischen Zentrums f\u00fcr mittelfristige Wettervorhersage (ECMWF) zwischen 60 und 70 Liter Regen pro Quadratmeter fallen. Im Mittelwert gehen die Modelle von mindestens 40 Liter pro Quadratmeter bis Montag aus. Im D\u00fcsseldorfer Umland, vor allem im Kreis <a class=\"transition-colors duration-200 cursor-pointer text-inherit no-underline text-salemsfur md:hover:text-magenta md:hover:border-magenta md:focus:text-magenta border-current border-b border-solid break-words\" href=\"https:\/\/www.t-online.de\/themen\/mettmann\/\" data-sctrack=\"BodyAnchor\" target=\"_blank\" rel=\"noopener\">Mettmann<\/a>, werden bis zu 68 Liter Regen erwartet.<\/p>\n<p class=\"text-18 leading-17\">Besonders treffen soll es neben dem Freitag auch den Samstag und den <a class=\"transition-colors duration-200 cursor-pointer text-inherit no-underline text-salemsfur md:hover:text-magenta md:hover:border-magenta md:focus:text-magenta border-current border-b border-solid break-words\" href=\"https:\/\/www.t-online.de\/leben\/familie\/feiertage\/id_69224230\/pfingsten-deshalb-ist-pfingstsonntag-kein-gesetzlicher-feiertag.html\" data-sctrack=\"BodyAnchor\" target=\"_blank\" rel=\"noopener\">Pfingstsonntag<\/a>. Dabei rechnen einige Wettermodelle mit 17 beziehungsweise zw\u00f6lf Liter Regen pro Quadratmeter alleine in <a class=\"transition-colors duration-200 cursor-pointer text-inherit no-underline text-salemsfur md:hover:text-magenta md:hover:border-magenta md:focus:text-magenta border-current border-b border-solid break-words\" href=\"https:\/\/www.t-online.de\/region\/koeln\/\" data-sctrack=\"BodyAnchor\" target=\"_blank\" rel=\"noopener\">K\u00f6ln<\/a>. In der Nacht zu Montag sollen die Temperaturen dann noch einmal stark fallen. Statt wie im Moment 16 bis 14 Grad werden dann in der Nacht einstellige Werte um die neun Grad erwartet.<\/p>\n<p class=\"text-18 leading-17\">Deutlich besser wird das <a class=\"transition-colors duration-200 cursor-pointer text-inherit no-underline text-salemsfur md:hover:text-magenta md:hover:border-magenta md:focus:text-magenta border-current border-b border-solid break-words\" href=\"https:\/\/www.t-online.de\/wetter\" data-sctrack=\"BodyAnchor\" target=\"_blank\" rel=\"noopener\">Wetter<\/a> erst gegen Mitte der kommenden Woche. Dann rechnen die Meteorologen nicht nur mit mehr Sonnenschein, sondern auch mit deutlich steigenden Temperaturen. Am kommenden Donnerstag und Freitag werden H\u00f6chstwerte um die 25 Grad erwartet, einige Wettermodelle rechnen mit 30 Grad.<\/p>\n<p class=\"text-18 leading-17\">Meteorologen rechnen aufgrund steigender Aktivit\u00e4t in der Wetterlage auf dem Atlantik in den kommenden Wochen mit weiteren Wetterumschw\u00fcngen. Starke Gewitter oder Unwetterfronten, f\u00fcr den Sommer nicht untypisch, k\u00f6nnten dann auch D\u00fcsseldorf und die Region heimsuchen.<\/p>\n","protected":false},"excerpt":{"rendered":"Fast 70 Liter Regen Gewitter- und Regenfront bedroht D\u00fcsseldorf 03.06.2025 &#8211; 15:56 UhrLesedauer: 2 Min. Autos w\u00e4hrend starker&hellip;\n","protected":false},"author":2,"featured_media":162089,"comment_status":"","ping_status":"","sticky":false,"template":"","format":"standard","meta":{"footnotes":""},"categories":[1831],"tags":[21103,3364,29,3405,30,19634,1209,6405,52181,2802,14368,4028,1973,2256,51242,5415,2255],"class_list":{"0":"post-162088","1":"post","2":"type-post","3":"status-publish","4":"format-standard","5":"has-post-thumbnail","7":"category-duesseldorf","8":"tag-pfingsten","9":"tag-de","10":"tag-deutschland","11":"tag-duesseldorf","12":"tag-germany","13":"tag-gewitter","14":"tag-nordrhein-westfalen","15":"tag-regenfall","16":"tag-regenfront","17":"tag-rheinland","18":"tag-ueberschwemmung","19":"tag-unwetter","20":"tag-wetter","21":"tag-wetterausblick","22":"tag-wettermodell","23":"tag-wetterprognose","24":"tag-wettervorhersage"},"share_on_mastodon":{"url":"https:\/\/pubeurope.com\/@de\/114619896836316322","error":""},"_links":{"self":[{"href":"https:\/\/www.europesays.com\/de\/wp-json\/wp\/v2\/posts\/162088","targetHints":{"allow":["GET"]}}],"collection":[{"href":"https:\/\/www.europesays.com\/de\/wp-json\/wp\/v2\/posts"}],"about":[{"href":"https:\/\/www.europesays.com\/de\/wp-json\/wp\/v2\/types\/post"}],"author":[{"embeddable":true,"href":"https:\/\/www.europesays.com\/de\/wp-json\/wp\/v2\/users\/2"}],"replies":[{"embeddable":true,"href":"https:\/\/www.europesays.com\/de\/wp-json\/wp\/v2\/comments?post=162088"}],"version-history":[{"count":0,"href":"https:\/\/www.europesays.com\/de\/wp-json\/wp\/v2\/posts\/162088\/revisions"}],"wp:featuredmedia":[{"embeddable":true,"href":"https:\/\/www.europesays.com\/de\/wp-json\/wp\/v2\/media\/162089"}],"wp:attachment":[{"href":"https:\/\/www.europesays.com\/de\/wp-json\/wp\/v2\/media?parent=162088"}],"wp:term":[{"taxonomy":"category","embeddable":true,"href":"https:\/\/www.europesays.com\/de\/wp-json\/wp\/v2\/categories?post=162088"},{"taxonomy":"post_tag","embeddable":true,"href":"https:\/\/www.europesays.com\/de\/wp-json\/wp\/v2\/tags?post=162088"}],"curies":[{"name":"wp","href":"https:\/\/api.w.org\/{rel}","templated":true}]}}