{"id":162110,"date":"2025-06-03T14:37:09","date_gmt":"2025-06-03T14:37:09","guid":{"rendered":"https:\/\/www.europesays.com\/de\/162110\/"},"modified":"2025-06-03T14:37:09","modified_gmt":"2025-06-03T14:37:09","slug":"berlin-brandenburg-cdu-opposition-plant-verfassungsklage-zu-haushalts-anhoerung","status":"publish","type":"post","link":"https:\/\/www.europesays.com\/de\/162110\/","title":{"rendered":"Berlin &#038; Brandenburg: CDU-Opposition plant Verfassungsklage zu Haushalts-Anh\u00f6rung"},"content":{"rendered":"<p>                    Berlin &amp; Brandenburg<br \/>\n                CDU-Opposition plant Verfassungsklage zu Haushalts-Anh\u00f6rung<\/p>\n<p>\t\t\t\t              03.06.2025, 16:24 Uhr<\/p>\n<p><strong>Zwei Experten \u00e4u\u00dfern sich im Brandenburger Landtag zu Regeln f\u00fcr die Aufnahme von Schulden. Sie sind aber auch als Gutachter f\u00fcr das Finanzministerium t\u00e4tig. Die CDU dringt auf Konsequenzen.<\/strong><\/p>\n<p>Potsdam (dpa\/bb) &#8211; Brandenburgs CDU-Landtagsfraktionschef Jan Redmann hat wegen einer Expertenrunde zum Landeshaushalt eine Verfassungsklage gegen den Landtag angek\u00fcndigt. &#8222;Wir werden uns mit einem Eilantrag an das Verfassungsgericht wenden mit dem Ziel, noch vor Beschlussfassung des Haushalts die Anh\u00f6rung zu wiederholen&#8220;, sagte Redmann. Er fordert, dass Experten geh\u00f6rt werden, die auch von der Bundesregierung als ma\u00dfgeblich erachtet werden wie der Sachverst\u00e4ndigenrat oder die Bundesbank.<\/p>\n<p>Zudem wirft er Finanzminister Robert Crumbach (BSW) T\u00e4uschung vor, weil zwei Wissenschaftler in einer Anh\u00f6rung des Landtags-Haushaltsausschusses zu rechtlichen Regeln f\u00fcr die Aufnahme von Schulden geredet haben, die auch jeweils ein Gutachten f\u00fcr das Ministerium zu dem Thema erstellt haben.<\/p>\n<p>Koalition weist Forderung ab<\/p>\n<p>&#8222;Es bestehen ja keine Bedenken dagegen, dass das Ministerium sich Gutachter zur Expertise heranzieht, aber es bestehen Bedenken dagegen, wenn ein Finanzminister im Ausschuss kein Wort dar\u00fcber verliert, dass diese Gutachter von ihm bezahlt worden sind&#8220;, sagte der CDU-Fraktionschef mit Blick auf eine Sitzung des Haushaltsausschusses im April. &#8222;Der Finanzminister Crumbach hat damit versucht, den Ausschuss zu t\u00e4uschen.&#8220; Es geht um den Finanzwissenschaftler Christian Breuer und den Potsdamer Rechtswissenschaftler Thorsten Ingo Schmidt.<\/p>\n<p>Finanzminister hat keine Bedenken<\/p>\n<p>Die CDU-Fraktion war am Montag im Haushaltsausschuss mit der Forderung gescheitert, dass die Anh\u00f6rung wiederholt wird. Die Brandenburger SPD\/BSW-Koalition hat nach eigener Darstellung keine rechtlichen Zweifel. Finanzminister Robert Crumbach (BSW) sagte auf Anfrage: &#8222;Eine rechtliche Problematik sehe ich nicht.&#8220;<\/p>\n<p>Der Doppelhaushalt f\u00fcr dieses und f\u00fcr das n\u00e4chste Jahr soll noch im Juni unter Dach und Fach sein. Mehrere K\u00fcrzungspl\u00e4ne, die auf scharfe Kritik stie\u00dfen, wurden inzwischen von SPD und BSW verworfen oder abgemildert. Die Koalition will f\u00fcr den Haushalt zus\u00e4tzliche Schulden in Milliardenh\u00f6he aufnehmen und daf\u00fcr auch die Regeln \u00e4ndern. Die Schuldenbremse in der Brandenburger Verfassung erlaubt neue Schulden, wenn es zu konjunkturell bedingten Einnahmeausf\u00e4llen kommt.<\/p>\n","protected":false},"excerpt":{"rendered":"Berlin &amp; Brandenburg CDU-Opposition plant Verfassungsklage zu Haushalts-Anh\u00f6rung 03.06.2025, 16:24 Uhr Zwei Experten \u00e4u\u00dfern sich im Brandenburger Landtag&hellip;\n","protected":false},"author":2,"featured_media":162111,"comment_status":"","ping_status":"","sticky":false,"template":"","format":"standard","meta":{"footnotes":""},"categories":[1816],"tags":[1960,1958,1959,1957,296,1956,1890,56517,29,30,56518,51950],"class_list":{"0":"post-162110","1":"post","2":"type-post","3":"status-publish","4":"format-standard","5":"has-post-thumbnail","7":"category-brandenburg","8":"tag-aktuelle-nachrichten-aus-berlin-und-brandenburg","9":"tag-aktuelle-nachrichten-aus-brandenburg","10":"tag-aktuelle-news-aus-berlin-und-brandenburg","11":"tag-aktuelle-news-aus-brandenburg","12":"tag-berlin","13":"tag-berlin-und-brandenburg","14":"tag-brandenburg","15":"tag-cdu-opposition","16":"tag-deutschland","17":"tag-germany","18":"tag-haushalts-anhoerung","19":"tag-verfassungsklage"},"share_on_mastodon":{"url":"https:\/\/pubeurope.com\/@de\/114619943873414446","error":""},"_links":{"self":[{"href":"https:\/\/www.europesays.com\/de\/wp-json\/wp\/v2\/posts\/162110","targetHints":{"allow":["GET"]}}],"collection":[{"href":"https:\/\/www.europesays.com\/de\/wp-json\/wp\/v2\/posts"}],"about":[{"href":"https:\/\/www.europesays.com\/de\/wp-json\/wp\/v2\/types\/post"}],"author":[{"embeddable":true,"href":"https:\/\/www.europesays.com\/de\/wp-json\/wp\/v2\/users\/2"}],"replies":[{"embeddable":true,"href":"https:\/\/www.europesays.com\/de\/wp-json\/wp\/v2\/comments?post=162110"}],"version-history":[{"count":0,"href":"https:\/\/www.europesays.com\/de\/wp-json\/wp\/v2\/posts\/162110\/revisions"}],"wp:featuredmedia":[{"embeddable":true,"href":"https:\/\/www.europesays.com\/de\/wp-json\/wp\/v2\/media\/162111"}],"wp:attachment":[{"href":"https:\/\/www.europesays.com\/de\/wp-json\/wp\/v2\/media?parent=162110"}],"wp:term":[{"taxonomy":"category","embeddable":true,"href":"https:\/\/www.europesays.com\/de\/wp-json\/wp\/v2\/categories?post=162110"},{"taxonomy":"post_tag","embeddable":true,"href":"https:\/\/www.europesays.com\/de\/wp-json\/wp\/v2\/tags?post=162110"}],"curies":[{"name":"wp","href":"https:\/\/api.w.org\/{rel}","templated":true}]}}