{"id":162112,"date":"2025-06-03T14:38:13","date_gmt":"2025-06-03T14:38:13","guid":{"rendered":"https:\/\/www.europesays.com\/de\/162112\/"},"modified":"2025-06-03T14:38:13","modified_gmt":"2025-06-03T14:38:13","slug":"waffenlieferung-debatte-sollte-man-nicht-in-berlin-fuehren","status":"publish","type":"post","link":"https:\/\/www.europesays.com\/de\/162112\/","title":{"rendered":"Waffenlieferung-Debatte sollte man nicht in Berlin f\u00fchren"},"content":{"rendered":"<p>Israels Lage bleibt prek\u00e4r<\/p>\n<p>02.06.2025, 16:55Lesezeit: 1 Min.<\/p>\n<p><img decoding=\"async\" alt=\"Huthi-Anh\u00e4nger am 30. Mai im jemenitischen Sanaa auf einer Solidarit\u00e4tskundgebung f\u00fcr die Pal\u00e4stinenser in Gaza\" fetchpriority=\"high\" height=\"1687\" loading=\"eager\"  src=\"https:\/\/www.europesays.com\/de\/wp-content\/uploads\/2025\/06\/huthi-anhaenger-am-30-mai-im.jpg\" width=\"3000\" class=\"flex h-auto w-full\" tabindex=\"0\" data-selector=\"header-teaser-image\"\/>Bildbeschreibung ausklappen<\/p>\n<p>Huthi-Anh\u00e4nger am 30. Mai im jemenitischen Sanaa auf einer Solidarit\u00e4tskundgebung f\u00fcr die Pal\u00e4stinenser in GazaReuters<\/p>\n<p class=\"xs:p1-intro sm:p1-intro-medium flex items-start gap-[10px] pb-[30px]\" data-external-selector=\"header-teaser\">Die Bundesregierung kritisiert Israel zu Recht f\u00fcr die schlechte humanit\u00e4re Lage in Gaza. Aber eine neue Debatte \u00fcber Waffenlieferungen sollte man jetzt nicht in Berlin f\u00fchren.<\/p>\n","protected":false},"excerpt":{"rendered":"Israels Lage bleibt prek\u00e4r 02.06.2025, 16:55Lesezeit: 1 Min. Bildbeschreibung ausklappen Huthi-Anh\u00e4nger am 30. Mai im jemenitischen Sanaa auf&hellip;\n","protected":false},"author":2,"featured_media":162113,"comment_status":"","ping_status":"","sticky":false,"template":"","format":"standard","meta":{"footnotes":""},"categories":[1825],"tags":[1941,1939,296,1937,29,30,1940,1938],"class_list":{"0":"post-162112","1":"post","2":"type-post","3":"status-publish","4":"format-standard","5":"has-post-thumbnail","7":"category-berlin","8":"tag-aktuelle-nachrichten-aus-berlin","9":"tag-aktuelle-news-aus-berlin","10":"tag-berlin","11":"tag-berlin-news","12":"tag-deutschland","13":"tag-germany","14":"tag-nachrichten-aus-berlin","15":"tag-news-aus-berlin"},"share_on_mastodon":{"url":"https:\/\/pubeurope.com\/@de\/114619947864231942","error":""},"_links":{"self":[{"href":"https:\/\/www.europesays.com\/de\/wp-json\/wp\/v2\/posts\/162112","targetHints":{"allow":["GET"]}}],"collection":[{"href":"https:\/\/www.europesays.com\/de\/wp-json\/wp\/v2\/posts"}],"about":[{"href":"https:\/\/www.europesays.com\/de\/wp-json\/wp\/v2\/types\/post"}],"author":[{"embeddable":true,"href":"https:\/\/www.europesays.com\/de\/wp-json\/wp\/v2\/users\/2"}],"replies":[{"embeddable":true,"href":"https:\/\/www.europesays.com\/de\/wp-json\/wp\/v2\/comments?post=162112"}],"version-history":[{"count":0,"href":"https:\/\/www.europesays.com\/de\/wp-json\/wp\/v2\/posts\/162112\/revisions"}],"wp:featuredmedia":[{"embeddable":true,"href":"https:\/\/www.europesays.com\/de\/wp-json\/wp\/v2\/media\/162113"}],"wp:attachment":[{"href":"https:\/\/www.europesays.com\/de\/wp-json\/wp\/v2\/media?parent=162112"}],"wp:term":[{"taxonomy":"category","embeddable":true,"href":"https:\/\/www.europesays.com\/de\/wp-json\/wp\/v2\/categories?post=162112"},{"taxonomy":"post_tag","embeddable":true,"href":"https:\/\/www.europesays.com\/de\/wp-json\/wp\/v2\/tags?post=162112"}],"curies":[{"name":"wp","href":"https:\/\/api.w.org\/{rel}","templated":true}]}}