{"id":162251,"date":"2025-06-03T15:54:09","date_gmt":"2025-06-03T15:54:09","guid":{"rendered":"https:\/\/www.europesays.com\/de\/162251\/"},"modified":"2025-06-03T15:54:09","modified_gmt":"2025-06-03T15:54:09","slug":"brand-in-muenchen-neuhausen-anwohner-loescht-feuer-selbst-regional","status":"publish","type":"post","link":"https:\/\/www.europesays.com\/de\/162251\/","title":{"rendered":"Brand in M\u00fcnchen-Neuhausen: Anwohner l\u00f6scht Feuer selbst | Regional"},"content":{"rendered":"<p>M\u00fcnchen-Neuhausen \u2013 <b>Ein Feuer hat am 02.06.2025 gegen 22.00 Uhr im Treppenhaus eines Mehrfamilienhauses gew\u00fctet.<\/b><\/p>\n<p>Bevor Polizei und Feuerwehr eintrafen, konnten zwei Bewohner den Brand l\u00f6schen. Ein 65-j\u00e4hriger Anwohner erlitt eine Rauchvergiftung und wurde ins Krankenhaus gebracht. Der Sachschaden liegt im mittleren vierstelligen Bereich. Die Brandursache wird noch ermittelt. Das Kommissariat 13 f\u00fchrt die Untersuchungen weiter.<\/p>\n<p>Dieser Text basiert auf einer offiziellen Beh\u00f6rden-Information und wurde mit Hilfe von KI erstellt.<\/p>\n","protected":false},"excerpt":{"rendered":"M\u00fcnchen-Neuhausen \u2013 Ein Feuer hat am 02.06.2025 gegen 22.00 Uhr im Treppenhaus eines Mehrfamilienhauses gew\u00fctet. Bevor Polizei und&hellip;\n","protected":false},"author":2,"featured_media":158055,"comment_status":"","ping_status":"","sticky":false,"template":"","format":"standard","meta":{"footnotes":""},"categories":[1827],"tags":[772,29,985,30,2509,1268,121,45,2624],"class_list":{"0":"post-162251","1":"post","2":"type-post","3":"status-publish","4":"format-standard","5":"has-post-thumbnail","7":"category-muenchen","8":"tag-bayern","9":"tag-deutschland","10":"tag-feuerwehr","11":"tag-germany","12":"tag-ki-ots","13":"tag-muenchen","14":"tag-polizei","15":"tag-texttospeech","16":"tag-unfaelle"},"share_on_mastodon":{"url":"","error":""},"_links":{"self":[{"href":"https:\/\/www.europesays.com\/de\/wp-json\/wp\/v2\/posts\/162251","targetHints":{"allow":["GET"]}}],"collection":[{"href":"https:\/\/www.europesays.com\/de\/wp-json\/wp\/v2\/posts"}],"about":[{"href":"https:\/\/www.europesays.com\/de\/wp-json\/wp\/v2\/types\/post"}],"author":[{"embeddable":true,"href":"https:\/\/www.europesays.com\/de\/wp-json\/wp\/v2\/users\/2"}],"replies":[{"embeddable":true,"href":"https:\/\/www.europesays.com\/de\/wp-json\/wp\/v2\/comments?post=162251"}],"version-history":[{"count":0,"href":"https:\/\/www.europesays.com\/de\/wp-json\/wp\/v2\/posts\/162251\/revisions"}],"wp:featuredmedia":[{"embeddable":true,"href":"https:\/\/www.europesays.com\/de\/wp-json\/wp\/v2\/media\/158055"}],"wp:attachment":[{"href":"https:\/\/www.europesays.com\/de\/wp-json\/wp\/v2\/media?parent=162251"}],"wp:term":[{"taxonomy":"category","embeddable":true,"href":"https:\/\/www.europesays.com\/de\/wp-json\/wp\/v2\/categories?post=162251"},{"taxonomy":"post_tag","embeddable":true,"href":"https:\/\/www.europesays.com\/de\/wp-json\/wp\/v2\/tags?post=162251"}],"curies":[{"name":"wp","href":"https:\/\/api.w.org\/{rel}","templated":true}]}}