{"id":162381,"date":"2025-06-03T17:01:11","date_gmt":"2025-06-03T17:01:11","guid":{"rendered":"https:\/\/www.europesays.com\/de\/162381\/"},"modified":"2025-06-03T17:01:11","modified_gmt":"2025-06-03T17:01:11","slug":"auch-die-gruenen-sprechen-sich-fuer-den-erhalt-der-brechtener-niederung-aus","status":"publish","type":"post","link":"https:\/\/www.europesays.com\/de\/162381\/","title":{"rendered":"Auch die Gr\u00fcnen sprechen sich f\u00fcr den Erhalt der Brechtener Niederung aus"},"content":{"rendered":"<p>\t\tNatur statt Beton<br \/>\n\t\t\t\t\tAuch die Gr\u00fcnen sprechen sich f\u00fcr den Erhalt der Brechtener Niederung aus<\/p>\n<p>\t\t<img alt=\"\" src=\"https:\/\/www.europesays.com\/de\/wp-content\/uploads\/2025\/05\/630_0036_48786_.jpg\"  class=\"avatar avatar-36 photo avatar-default\" height=\"36\" width=\"36\" loading=\"lazy\" decoding=\"async\"\/>\t\t<a class=\"article-author__name\" href=\"https:\/\/www.ruhrnachrichten.de\/author\/andreas-schroeter\/\" rel=\"author nofollow noopener\" target=\"_blank\">Andreas Schr\u00f6ter<\/a><br \/>\n\t\tRedakteur<\/p>\n<p>\t03.06.2025 18:30 Uhr<\/p>\n<p>\t\tTeilen<\/p>\n<p>\n\tIn Merkliste \u00fcbernehmen\n<\/p>\n<p>    <a href=\"https:\/\/www.ruhrnachrichten.de\/wp-content\/uploads\/2025\/06\/02\/14\/630_0900_4760659_Loegering-1648x824.jpg\" rel=\"nofollow noopener\" target=\"_blank\"><\/p>\n<p>            <img loading=\"lazy\" decoding=\"async\" src=\"https:\/\/www.europesays.com\/de\/wp-content\/uploads\/2025\/06\/630_0900_4760658_Loegering-640x428.jpg\" width=\"640\" height=\"428\"  alt=\"Gr\u00fcnen-OB-Kandidatin Katrin L\u00f6gering spricht f\u00fcr den Erhalt der Brechtener Niederung als Naturschutzgebiet aus.\"\/><\/p>\n<p>    <\/a><br \/>\n    Gr\u00fcnen-OB-Kandidatin Katrin L\u00f6gering spricht f\u00fcr den Erhalt der Brechtener Niederung als Naturschutzgebiet aus. \u00a9 Die Gr\u00fcnen<\/p>\n<p class=\"article__teaser-text\">Die Gr\u00fcnen fordern: Schluss mit Fl\u00e4chenfra\u00df! Die Brechtener Niederung soll gr\u00fcn bleiben \u2013 f\u00fcr Klima, Artenvielfalt und Zukunft.<\/p>\n<p>1 Min Lesezeit<\/p>\n<p>\n\t<a href=\"https:\/\/www.ruhrnachrichten.de\" class=\"button button--brand button--link home-button\" rel=\"nofollow noopener\" target=\"_blank\">Zur Startseite<\/a><\/p>\n","protected":false},"excerpt":{"rendered":"Natur statt Beton Auch die Gr\u00fcnen sprechen sich f\u00fcr den Erhalt der Brechtener Niederung aus Andreas Schr\u00f6ter Redakteur&hellip;\n","protected":false},"author":2,"featured_media":162382,"comment_status":"","ping_status":"","sticky":false,"template":"","format":"standard","meta":{"footnotes":""},"categories":[1833],"tags":[39855,3364,29,217,30,10388,1209],"class_list":{"0":"post-162381","1":"post","2":"type-post","3":"status-publish","4":"format-standard","5":"has-post-thumbnail","7":"category-dortmund","8":"tag-brechten","9":"tag-de","10":"tag-deutschland","11":"tag-dortmund","12":"tag-germany","13":"tag-natur-umwelt","14":"tag-nordrhein-westfalen"},"share_on_mastodon":{"url":"https:\/\/pubeurope.com\/@de\/114620510027812223","error":""},"_links":{"self":[{"href":"https:\/\/www.europesays.com\/de\/wp-json\/wp\/v2\/posts\/162381","targetHints":{"allow":["GET"]}}],"collection":[{"href":"https:\/\/www.europesays.com\/de\/wp-json\/wp\/v2\/posts"}],"about":[{"href":"https:\/\/www.europesays.com\/de\/wp-json\/wp\/v2\/types\/post"}],"author":[{"embeddable":true,"href":"https:\/\/www.europesays.com\/de\/wp-json\/wp\/v2\/users\/2"}],"replies":[{"embeddable":true,"href":"https:\/\/www.europesays.com\/de\/wp-json\/wp\/v2\/comments?post=162381"}],"version-history":[{"count":0,"href":"https:\/\/www.europesays.com\/de\/wp-json\/wp\/v2\/posts\/162381\/revisions"}],"wp:featuredmedia":[{"embeddable":true,"href":"https:\/\/www.europesays.com\/de\/wp-json\/wp\/v2\/media\/162382"}],"wp:attachment":[{"href":"https:\/\/www.europesays.com\/de\/wp-json\/wp\/v2\/media?parent=162381"}],"wp:term":[{"taxonomy":"category","embeddable":true,"href":"https:\/\/www.europesays.com\/de\/wp-json\/wp\/v2\/categories?post=162381"},{"taxonomy":"post_tag","embeddable":true,"href":"https:\/\/www.europesays.com\/de\/wp-json\/wp\/v2\/tags?post=162381"}],"curies":[{"name":"wp","href":"https:\/\/api.w.org\/{rel}","templated":true}]}}