{"id":162411,"date":"2025-06-03T17:19:29","date_gmt":"2025-06-03T17:19:29","guid":{"rendered":"https:\/\/www.europesays.com\/de\/162411\/"},"modified":"2025-06-03T17:19:29","modified_gmt":"2025-06-03T17:19:29","slug":"aktivisten-verteilen-gefaelschte-bild-zeitung-in-supermaerkten","status":"publish","type":"post","link":"https:\/\/www.europesays.com\/de\/162411\/","title":{"rendered":"Aktivisten verteilen gef\u00e4lschte &#8222;Bild&#8220;-Zeitung in Superm\u00e4rkten"},"content":{"rendered":"<p>Aktion in Berlin <\/p>\n<p>Aktivisten verteilen Fake-&#8222;Bild&#8220;-Zeitung in Superm\u00e4rkten<\/p>\n<p>03.06.2025 &#8211; 17:37 UhrLesedauer: 2 Min.<\/p>\n<p><a href=\"#focus-0\" class=\"transition-colors duration-200 focus-within:text-magenta block text-current relative\" data-sctrack=\"FocusGalleryImage.Reference\"><img fetchpriority=\"high\" data-testid=\"Opener.Image\" style=\"--lqipURL:url('https:\/\/images.t-online.de\/2025\/06\/8eM-eqQsy8vK\/0x442:960x540\/fit-in\/150x0\/filters:blur(25)\/ein-aktivist-der-neuen-generation-steckt-eine-gefaelschte-bild-zeitung-in-ein-regal.jpg')\"   loading=\"eager\" src=\"https:\/\/www.europesays.com\/de\/wp-content\/uploads\/2025\/06\/ein-aktivist-der-neuen-generation-steckt-eine-gefaelschte-bild-zeitung-in-ein-regal.jpg\" alt=\"Ein Aktivist der &quot;Neuen Generation&quot; steckt eine gef\u00e4lschte &quot;Bild&quot;-Zeitung in ein Regal: Die Polizei stellte keinen strafbaren Inhalt fest.\" title=\"Ein Aktivist der &quot;Neuen Generation&quot; steckt eine gef\u00e4lschte &quot;Bild&quot;-Zeitung in ein Regal: Die Polizei stellte keinen strafbaren Inhalt fest.\" width=\"960\" height=\"540\" class=\"bg-[url:var(--lqipURL)] bg-cover bg-center flex w-full max-w-full h-full\" decoding=\"async\"\/><img style=\"--width:32;--height:32\" loading=\"lazy\" src=\"https:\/\/www.europesays.com\/de\/wp-content\/uploads\/2025\/05\/zoom-in.f7dae02f.svg.svg+xml\" alt=\"Vergr\u00f6\u00dfern des Bildes\" title=\"Vergr\u00f6\u00dfern des Bildes\" class=\"&#10;        block&#10;        h-[calc(var(--height)_\/_16_*_1rem)]&#10;        w-[calc(var(--width)_\/_16_*_1rem)]&#10;        max-w-none&#10;        absolute bottom-8 right-8 rounded-4 bg-snow p-8\" decoding=\"async\"\/><\/a><\/p>\n<p>Ein Aktivist der &#8222;Neuen Generation&#8220; steckt eine gef\u00e4lschte &#8222;Bild&#8220;-Zeitung in ein Regal: Die Polizei stellte keinen strafbaren Inhalt fest. (Quelle: &#8222;Neue Generation&#8220;)<\/p>\n<p class=\"font-bold text-18 leading-17\">Die sogenannte &#8222;Widerstandswelle&#8220; der &#8222;Neuen Generation&#8220; geht weiter. Jetzt haben die Aktivisten gef\u00e4lschte Zeitungen in Superm\u00e4rkten verteilt.<\/p>\n<p class=\"text-18 leading-17\">Klimaaktivisten der &#8222;Neuen Generation&#8220; haben am Dienstag in <a class=\"transition-colors duration-200 cursor-pointer text-inherit no-underline text-salemsfur md:hover:text-magenta md:hover:border-magenta md:focus:text-magenta border-current border-b border-solid break-words\" href=\"https:\/\/www.t-online.de\/region\/berlin\/\" data-sctrack=\"BodyAnchor\" rel=\"nofollow noopener\" target=\"_blank\">Berlin<\/a> gef\u00e4lschte &#8222;Bild&#8220;-Zeitungen in Superm\u00e4rkten verteilt. Nach Angaben der Aktivisten sollen am Morgen etwa ein Dutzend kleinere Gruppen in verschiedenen Bezirken an der Aktion teilgenommen und echte &#8222;Bild&#8220;-Zeitungen in Gesch\u00e4ften durch eine selbst erstellte Version ersetzt haben.<\/p>\n<p class=\"text-18 leading-17\">Ein Sprecher der Berliner Polizei sagte t-online, dass die Aktion der Beh\u00f6rde bekannt sei. Man habe eine Ausgabe der verteilten Zeitungen \u00fcberpr\u00fcft und darin keine strafbaren Inhalte feststellen k\u00f6nnen. Die Aktivisten h\u00e4tten sich nach derzeitigem Kenntnisstand nicht strafbar gemacht, sondern lediglich gegen das Hausrecht der Superm\u00e4rkte versto\u00dfen. Lediglich wenn originale Zeitungen aus einem Laden entfernt oder zerst\u00f6rt worden sein sollten, l\u00e4ge Diebstahl oder Sachbesch\u00e4digung vor. Ein solcher Fall sei der Polizei aber derzeit nicht bekannt.<\/p>\n<p class=\"text-18 leading-17\">Die Aktivisten selbst gaben in einer Pressemitteilung an, dass die originalen Zeitungen in den Gesch\u00e4ften versteckt worden seien. Auf einem ver\u00f6ffentlichten Foto ist zu sehen, wie jemand &#8222;Bild&#8220;-Zeitungen hinter einem Stapel <a class=\"transition-colors duration-200 cursor-pointer text-inherit no-underline text-salemsfur md:hover:text-magenta md:hover:border-magenta md:focus:text-magenta border-current border-b border-solid break-words\" href=\"https:\/\/www.t-online.de\/gesundheit\/krankheiten-symptome\/haemorrhoiden\/id_78807258\/klopapier-diesen-hygiene-fehler-sollten-sie-vermeiden.html\" data-sctrack=\"BodyAnchor\" rel=\"nofollow noopener\" target=\"_blank\">Toilettenpapier<\/a> verschwinden l\u00e4sst.<\/p>\n<p class=\"text-18 leading-17\">Mit der Aktion wollen die Klimaaktivisten nach eigenen Angaben gegen &#8222;die Propaganda des Springer-Konzerns&#8220; protestieren, zu dem die &#8222;Bild&#8220;-Zeitung geh\u00f6rt. Bereits am Sonntagabend hatten Aktivisten der Gruppe versucht, eine Druckerei des Konzerns zu blockieren und so die Auslieferung von Zeitungen zu behindern. <a class=\"transition-colors duration-200 cursor-pointer text-inherit no-underline text-salemsfur md:hover:text-magenta md:hover:border-magenta md:focus:text-magenta border-current border-b border-solid break-words\" href=\"https:\/\/www.t-online.de\/region\/berlin\/id_100749274\/berlin-aktivisten-wollen-springer-druckerei-blockieren-festnahmen.html\" data-sctrack=\"BodyAnchor\" rel=\"nofollow noopener\" target=\"_blank\">Mehr dazu lesen Sie hier<\/a>.<\/p>\n<p class=\"text-18 leading-17\">Auf der Titelseite der gef\u00e4lschten &#8222;Bild&#8220;-Zeitung ist die Titelzeile &#8222;Die W\u00fcrde des Menschen ist unantastbar&#8220; zu lesen. In der Zeitung findet sich unter anderem ein Brief, den die Aktivisten k\u00fcrzlich an Springer-Chef Mathias D\u00f6pfner geschickt hatten. Darin kritisieren sie die Berichterstattung des Axel-Springer-Konzerns scharf und laden ihn zu einem Gespr\u00e4ch ein.<\/p>\n<p class=\"text-18 leading-17\">Die &#8222;Neue Generation&#8220; ist eine Nachfolgeorganisation der &#8222;Letzten Generation&#8220;, die vor allem durch Stra\u00dfenblockaden bekannt wurde, bei denen Aktivisten sich auf die Stra\u00dfe klebten. Etliche Mitglieder der Gruppe wurden f\u00fcr ihre Teilnahme an Stra\u00dfenblockaden verurteilt, etwa wegen N\u00f6tigung. F\u00fcr Anfang Juni hatte die &#8222;Neue Generation&#8220; eine sogenannte &#8222;Widerstandswelle&#8220; angek\u00fcndigt.<\/p>\n","protected":false},"excerpt":{"rendered":"Aktion in Berlin Aktivisten verteilen Fake-&#8222;Bild&#8220;-Zeitung in Superm\u00e4rkten 03.06.2025 &#8211; 17:37 UhrLesedauer: 2 Min. Ein Aktivist der &#8222;Neuen&hellip;\n","protected":false},"author":2,"featured_media":162412,"comment_status":"","ping_status":"","sticky":false,"template":"","format":"standard","meta":{"footnotes":""},"categories":[1825],"tags":[296,9492,29,30,5576,121,925,226],"class_list":{"0":"post-162411","1":"post","2":"type-post","3":"status-publish","4":"format-standard","5":"has-post-thumbnail","7":"category-berlin","8":"tag-berlin","9":"tag-bild-zeitung","10":"tag-deutschland","11":"tag-germany","12":"tag-klimaaktivisten","13":"tag-polizei","14":"tag-supermarkt","15":"tag-t-online"},"share_on_mastodon":{"url":"https:\/\/pubeurope.com\/@de\/114620580963884073","error":""},"_links":{"self":[{"href":"https:\/\/www.europesays.com\/de\/wp-json\/wp\/v2\/posts\/162411","targetHints":{"allow":["GET"]}}],"collection":[{"href":"https:\/\/www.europesays.com\/de\/wp-json\/wp\/v2\/posts"}],"about":[{"href":"https:\/\/www.europesays.com\/de\/wp-json\/wp\/v2\/types\/post"}],"author":[{"embeddable":true,"href":"https:\/\/www.europesays.com\/de\/wp-json\/wp\/v2\/users\/2"}],"replies":[{"embeddable":true,"href":"https:\/\/www.europesays.com\/de\/wp-json\/wp\/v2\/comments?post=162411"}],"version-history":[{"count":0,"href":"https:\/\/www.europesays.com\/de\/wp-json\/wp\/v2\/posts\/162411\/revisions"}],"wp:featuredmedia":[{"embeddable":true,"href":"https:\/\/www.europesays.com\/de\/wp-json\/wp\/v2\/media\/162412"}],"wp:attachment":[{"href":"https:\/\/www.europesays.com\/de\/wp-json\/wp\/v2\/media?parent=162411"}],"wp:term":[{"taxonomy":"category","embeddable":true,"href":"https:\/\/www.europesays.com\/de\/wp-json\/wp\/v2\/categories?post=162411"},{"taxonomy":"post_tag","embeddable":true,"href":"https:\/\/www.europesays.com\/de\/wp-json\/wp\/v2\/tags?post=162411"}],"curies":[{"name":"wp","href":"https:\/\/api.w.org\/{rel}","templated":true}]}}