{"id":162442,"date":"2025-06-03T17:35:12","date_gmt":"2025-06-03T17:35:12","guid":{"rendered":"https:\/\/www.europesays.com\/de\/162442\/"},"modified":"2025-06-03T17:35:12","modified_gmt":"2025-06-03T17:35:12","slug":"schaeden-an-berliner-u-bahn-tunnel-sind-groesser-als-angenommen","status":"publish","type":"post","link":"https:\/\/www.europesays.com\/de\/162442\/","title":{"rendered":"Sch\u00e4den an Berliner U-Bahn-Tunnel sind gr\u00f6\u00dfer als angenommen"},"content":{"rendered":"<p class=\"tspAZit tspAZiu\">Die Berliner U-Bahnlinie U3 bleibt bis auf Weiteres zwischen den Bahnh\u00f6fen Spichernstra\u00dfe und Wittenbergplatz gesperrt. <a href=\"https:\/\/www.tagesspiegel.de\/berlin\/tunneldecke-bei-bauarbeiten-beschadigt-u3-im-berliner-westen-fur-mehrere-tage-unterbrochen-13780645.html?icid=in-text-link_13796818\" class=\"link link--internal\" data-gtm-class=\"article-text-link\" data-gtm-val=\"internal\" target=\"_blank\" rel=\"noopener\">Am Freitag hatten Bauarbeiter eine Tunnelwand besch\u00e4digt<\/a>. Die Reparatur solle mehrere Tage dauern, hie\u00df es.<\/p>\n<p class=\"tspAZit\">Am Dienstag teilte die BVG mit, dass der Schaden gr\u00f6\u00dfer sei, es muss sogar die Stra\u00dfe \u00fcber dem Tunnel aufgerissen werden. Am sp\u00e4ten Nachmittag sperrte die Polizei die Spichernstra\u00dfe durch ein quer gestelltes Polizeiauto ab, eine Firma stellte Absperrungen auf. <\/p>\n<p class=\"tspAZit\">Die Verkehrsinformationszentrale ver\u00f6ffentlichte um 16.51 Uhr die Notiz, dass die Spichernstra\u00dfe zwischen Schaperstra\u00dfe und Bundesallee in beiden Richtungen ab sofort gesperrt sei, und zwar bis 14. Juli. <\/p>\n<p class=\"tspAZit\">\u201eUm den Schaden genau bestimmen und beheben zu k\u00f6nnen, muss ein Teil der Fahrbahn der Spichernstra\u00dfe ge\u00f6ffnet werden\u201c, hie\u00df es von der BVG. Aus dem Tunnel heraus k\u00f6nne der Schaden nicht eingesch\u00e4tzt werden.  Einsturzgefahr bestehe nicht. Die BVG bef\u00e4hrt diesen Tunnelabschnitt noch mit leeren Z\u00fcgen, damit diese kehren k\u00f6nnen. <\/p>\n<p class=\"tspSed\">Empfohlener redaktioneller Inhalt<\/p>\n<p> An dieser Stelle finden Sie einen von unseren Redakteuren ausgew\u00e4hlten, externen Inhalt, der den Artikel f\u00fcr Sie mit zus\u00e4tzlichen Informationen anreichert. Sie k\u00f6nnen sich hier den externen Inhalt mit einem Klick anzeigen lassen oder wieder ausblenden. <\/p>\n<p> Externen Inhalt anzeigen <\/p>\n<p class=\"tspSej\"> Ich bin damit einverstanden, dass mir der externe Inhalt angezeigt wird. Damit k\u00f6nnen personenbezogene Daten an Drittplattformen \u00fcbermittelt werden.  Mehr Informationen dazu erhalten Sie in den Datenschutz-Einstellungen. Diese finden Sie ganz unten auf unserer Seite im Footer, sodass Sie Ihre Einstellungen jederzeit verwalten oder widerrufen k\u00f6nnen. <\/p>\n<p class=\"tspAZit\">Der Betrieb bis Bahnhof Spichernstra\u00dfe \u201ewird in dieser Woche voraussichtlich nicht mehr aufgenommen\u201c, teilte die BVG mit. Wieso die Verkehrsinformationszentrale eine sechsw\u00f6chige Stra\u00dfenvollsperrung ank\u00fcndigte, blieb zun\u00e4chst unklar. Laut BVG soll die U3 nicht so lange unterbrochen sein, sagte ein Sprecher am fr\u00fchen Abend. <\/p>\n<p><img decoding=\"async\" src=\"https:\/\/www.europesays.com\/de\/wp-content\/uploads\/2025\/06\/u-bahnhof-spichernstra-e-in-berlin-u-bahnhof-spichernstra-e-in-berlin-u-spichernstrasse-station.jpeg\"   alt=\"\" aria-labelledby=\"caption-13780498\" width=\"440\" height=\"330\" loading=\"lazy\" class=\"tspB4mq\"\/> Die U3 bleibt bis auf Weiteres zwischen den Bahnh\u00f6fen Spichernstra\u00dfe und Wittenbergplatz gesperrt. <\/p>\n<p class=\"tspAShq\"> \u00a9 imago\/STPP <\/p>\n<p class=\"tspAZit\">Als Ersatz fahren Busse, der Abschnitt kann aber schneller mit anderen U-Bahn-Linien umfahren werden: An der Spichernstra\u00dfe f\u00e4hrt auch die U9, am Wittenbergplatz halten die U1 und die U12. <\/p>\n<p class=\"tspAZit\">An der Spichernstra\u00dfe wechselten am Montag nahezu alle Fahrg\u00e4ste aus den vollen Z\u00fcgen der U3, um in die U9 umzusteigen. Die Station hat zwar seit wenigen Jahren Aufz\u00fcge, f\u00fcr Rollstuhlfahrer ist das Umsteigen zwischen den beiden Linien nur mit sehr viel Aufwand und dem \u00dcberqueren zweier gro\u00dfer Stra\u00dfen m\u00f6glich. Der Bahnhof Augsburger Stra\u00dfe ist geschlossen. <\/p>\n<p> Mehr zum Thema BVG <a href=\"https:\/\/www.tagesspiegel.de\/berlin\/sperrung-wegen-betonschaden-werkstatt-auf-berliner-bus-betriebshof-muss-neu-gebaut-werden-13793857.html?icid=topic-list_13796818___\" data-gtm-class=\"article-mzt-link\" class=\"tspB1mg\" target=\"_blank\" rel=\"noopener\">Sperrung wegen Betonsch\u00e4den Werkstatt auf Berliner Bus-Betriebshof muss neu gebaut werden <\/a><a href=\"https:\/\/www.tagesspiegel.de\/berlin\/hickhack-um-berliner-schulertickets-macht-die-bvg-gratis-fur-alle-unter-18-13768531.html?icid=topic-list_13796818___\" data-gtm-class=\"article-mzt-link\" class=\"tspB1mg\" target=\"_blank\" rel=\"noopener\">Hickhack um Berliner Sch\u00fclertickets Macht die BVG gratis f\u00fcr alle unter 18! <\/a><a href=\"https:\/\/www.tagesspiegel.de\/berlin\/ehrliche-ansagen-bei-der-bvg-sie-liebt-uns-doch-noch-13757464.html?icid=topic-list_13796818___\" data-gtm-class=\"article-mzt-link\" class=\"tspB1mg\" target=\"_blank\" rel=\"noopener\">Ehrliche Ansagen bei der BVG Sie liebt uns doch noch <\/a><\/p>\n<p class=\"tspAZit\">\u201eAm Montag konnte gekl\u00e4rt werden, dass der Schaden durch nicht genehmigte Bauarbeiten einer Fremdfirma verursacht wurden\u201c, teilte die BVG mit. Und: \u201eRechtliche Schritte wurden eingeleitet.\u201c<\/p>\n<p class=\"tspAZit\">Nach Informationen des Tagesspiegels ist der Schaden bei der Verlegung von Glasfaserkabeln entstanden. Es ist rein zuf\u00e4llig genau dort, wo die BVG seit fast drei Jahren baut. Seit August 2022 werden die beiden n\u00f6rdlichen Ausg\u00e4nge der U3 saniert. Dazu ist seitdem die Spichernstra\u00dfe in beiden Richtungen zwischen Bundesallee und N\u00fcrnberger Platz auf jeweils eine Fahrspur f\u00fcr Autos eingeengt. <\/p>\n","protected":false},"excerpt":{"rendered":"Die Berliner U-Bahnlinie U3 bleibt bis auf Weiteres zwischen den Bahnh\u00f6fen Spichernstra\u00dfe und Wittenbergplatz gesperrt. Am Freitag hatten&hellip;\n","protected":false},"author":2,"featured_media":162443,"comment_status":"","ping_status":"","sticky":false,"template":"","format":"standard","meta":{"footnotes":""},"categories":[2],"tags":[2236,531,29,30,13,14,15,12,523,10,8,9,11],"class_list":{"0":"post-162442","1":"post","2":"type-post","3":"status-publish","4":"format-standard","5":"has-post-thumbnail","7":"category-deutschland","8":"tag-bvg","9":"tag-charlottenburg-wilmersdorf","10":"tag-deutschland","11":"tag-germany","12":"tag-headlines","13":"tag-nachrichten","14":"tag-news","15":"tag-schlagzeilen","16":"tag-steglitz-zehlendorf","17":"tag-top-news","18":"tag-top-meldungen","19":"tag-topmeldungen","20":"tag-topnews"},"share_on_mastodon":{"url":"https:\/\/pubeurope.com\/@de\/114620643931447827","error":""},"_links":{"self":[{"href":"https:\/\/www.europesays.com\/de\/wp-json\/wp\/v2\/posts\/162442","targetHints":{"allow":["GET"]}}],"collection":[{"href":"https:\/\/www.europesays.com\/de\/wp-json\/wp\/v2\/posts"}],"about":[{"href":"https:\/\/www.europesays.com\/de\/wp-json\/wp\/v2\/types\/post"}],"author":[{"embeddable":true,"href":"https:\/\/www.europesays.com\/de\/wp-json\/wp\/v2\/users\/2"}],"replies":[{"embeddable":true,"href":"https:\/\/www.europesays.com\/de\/wp-json\/wp\/v2\/comments?post=162442"}],"version-history":[{"count":0,"href":"https:\/\/www.europesays.com\/de\/wp-json\/wp\/v2\/posts\/162442\/revisions"}],"wp:featuredmedia":[{"embeddable":true,"href":"https:\/\/www.europesays.com\/de\/wp-json\/wp\/v2\/media\/162443"}],"wp:attachment":[{"href":"https:\/\/www.europesays.com\/de\/wp-json\/wp\/v2\/media?parent=162442"}],"wp:term":[{"taxonomy":"category","embeddable":true,"href":"https:\/\/www.europesays.com\/de\/wp-json\/wp\/v2\/categories?post=162442"},{"taxonomy":"post_tag","embeddable":true,"href":"https:\/\/www.europesays.com\/de\/wp-json\/wp\/v2\/tags?post=162442"}],"curies":[{"name":"wp","href":"https:\/\/api.w.org\/{rel}","templated":true}]}}