{"id":162692,"date":"2025-06-03T19:50:13","date_gmt":"2025-06-03T19:50:13","guid":{"rendered":"https:\/\/www.europesays.com\/de\/162692\/"},"modified":"2025-06-03T19:50:13","modified_gmt":"2025-06-03T19:50:13","slug":"gewalttat-polizei-sperrt-station","status":"publish","type":"post","link":"https:\/\/www.europesays.com\/de\/162692\/","title":{"rendered":"Gewalttat \u2013 Polizei sperrt Station"},"content":{"rendered":"<p>Chaos im S-Bahnverkehr <\/p>\n<p>Schuss mit Gaspistole ins Gesicht? Polizeieinsatz an Galluswarte<\/p>\n<p>Aktualisiert am 03.06.2025 &#8211; 21:20 UhrLesedauer: 1 Min.<\/p>\n<p><a href=\"#focus-0\" class=\"transition-colors duration-200 focus-within:text-magenta block text-current relative\" data-sctrack=\"FocusGalleryImage.Reference\"><img fetchpriority=\"high\" data-testid=\"Opener.Image\" style=\"--lqipURL:url('https:\/\/images.t-online.de\/2025\/06\/D2t1GW3E5E7U\/0x225:2400x1350\/fit-in\/150x0\/filters:blur(25)\/gesperrte-galluswarte-am-dienstagabend-die-polizei-ermittelt-nach-einem-vorfall.jpg')\"   loading=\"eager\" src=\"https:\/\/www.europesays.com\/de\/wp-content\/uploads\/2025\/06\/gesperrte-galluswarte-am-dienstagabend-die-polizei-ermittelt-nach-einem-vorfall.jpg\" alt=\"Gesperrte Galluswarte am Dienstagabend: Die Polizei ermittelt nach einem Vorfall.\" title=\"Gesperrte Galluswarte am Dienstagabend: Die Polizei ermittelt nach einem Vorfall.\" width=\"2400\" height=\"1350\" class=\"bg-[url:var(--lqipURL)] bg-cover bg-center flex w-full max-w-full h-full\" decoding=\"async\"\/><img style=\"--width:32;--height:32\" loading=\"lazy\" src=\"https:\/\/www.europesays.com\/de\/wp-content\/uploads\/2025\/04\/1745049674_75_zoom-in.f7dae02f.svg.svg+xml\" alt=\"Vergr\u00f6\u00dfern des Bildes\" title=\"Vergr\u00f6\u00dfern des Bildes\" class=\"&#10;        block&#10;        h-[calc(var(--height)_\/_16_*_1rem)]&#10;        w-[calc(var(--width)_\/_16_*_1rem)]&#10;        max-w-none&#10;        absolute bottom-8 right-8 rounded-4 bg-snow p-8\" decoding=\"async\"\/><\/a><\/p>\n<p>Gesperrte Galluswarte am Dienstagabend: Die Polizei ermittelt nach einem Vorfall. (Quelle: 5VisionNews)<\/p>\n<p class=\"font-bold text-18 leading-17\">Gewalttat an der Galluswarte am Abend: Die Polizei hat die Station gesperrt. Dort wurde eine Person bei einem Angriff offenbar schwer verletzt. Was bisher bekannt ist.<\/p>\n<p class=\"text-18 leading-17\">Die wichtige S-Bahnstation Galluswarte ist am Dienstagabend wegen eines Polizeieinsatzes gesperrt worden. Das sagte ein Frankfurter Polizeisprecher t-online am Abend. Dort war zuvor eine Person gegen 19.30 Uhr offenbar im Gesicht schwer verletzt worden.<\/p>\n<p class=\"text-18 leading-17\">Derzeit stehe der Verdacht im Raum, dass ein bislang unbekannter T\u00e4ter seinem Opfer mit einer Schreckschusspistole ins Gesicht geschossen habe, so der Sprecher. Der Angreifer konnte nach dem Vorfall fl\u00fcchten.<\/p>\n<p class=\"text-18 leading-17\">Die &#8222;FAZ&#8220; berichtete am Abend, dass das Opfer im Gesicht stark geblutet und auf dem Boden gelegen habe. Dort habe der Mann dann geschrien, dass auf ihn geschossen worden sei. Zun\u00e4chst h\u00e4tten sich Ersthelfer um den Mann gek\u00fcmmert.<\/p>\n<p class=\"text-18 leading-17\">Der RMV teilte am Abend mit, dass auf den Linien der S3, S4, S5 und S6 es derzeit zu Ausf\u00e4llen und Umleitungen und Versp\u00e4tungen wegen des Polizeieinsatzes kommt. Laut der &#8222;Hessenschau&#8220; soll der T\u00e4ter nach der Tat mit der S6 in Richtung Frankfurt S\u00fcd gefl\u00fcchtet sein.<\/p>\n<p class=\"text-18 leading-17\">Mehrere Streifen fahnden derzeit nach dem Mann.<\/p>\n<p class=\"text-18 leading-17\">Weitere Informationen in K\u00fcrze.<\/p>\n","protected":false},"excerpt":{"rendered":"Chaos im S-Bahnverkehr Schuss mit Gaspistole ins Gesicht? Polizeieinsatz an Galluswarte Aktualisiert am 03.06.2025 &#8211; 21:20 UhrLesedauer: 1&hellip;\n","protected":false},"author":2,"featured_media":162693,"comment_status":"","ping_status":"","sticky":false,"template":"","format":"standard","meta":{"footnotes":""},"categories":[1829],"tags":[3176,29,2050,2051,30,3268,2052,121,4908,11470],"class_list":{"0":"post-162692","1":"post","2":"type-post","3":"status-publish","4":"format-standard","5":"has-post-thumbnail","7":"category-frankfurt-am-main","8":"tag-3176","9":"tag-deutschland","10":"tag-frankfurt","11":"tag-frankfurt-am-main","12":"tag-germany","13":"tag-gewalttat","14":"tag-hessen","15":"tag-polizei","16":"tag-polizeieinsatz","17":"tag-s-bahn-zug"},"share_on_mastodon":{"url":"https:\/\/pubeurope.com\/@de\/114621174604520696","error":""},"_links":{"self":[{"href":"https:\/\/www.europesays.com\/de\/wp-json\/wp\/v2\/posts\/162692","targetHints":{"allow":["GET"]}}],"collection":[{"href":"https:\/\/www.europesays.com\/de\/wp-json\/wp\/v2\/posts"}],"about":[{"href":"https:\/\/www.europesays.com\/de\/wp-json\/wp\/v2\/types\/post"}],"author":[{"embeddable":true,"href":"https:\/\/www.europesays.com\/de\/wp-json\/wp\/v2\/users\/2"}],"replies":[{"embeddable":true,"href":"https:\/\/www.europesays.com\/de\/wp-json\/wp\/v2\/comments?post=162692"}],"version-history":[{"count":0,"href":"https:\/\/www.europesays.com\/de\/wp-json\/wp\/v2\/posts\/162692\/revisions"}],"wp:featuredmedia":[{"embeddable":true,"href":"https:\/\/www.europesays.com\/de\/wp-json\/wp\/v2\/media\/162693"}],"wp:attachment":[{"href":"https:\/\/www.europesays.com\/de\/wp-json\/wp\/v2\/media?parent=162692"}],"wp:term":[{"taxonomy":"category","embeddable":true,"href":"https:\/\/www.europesays.com\/de\/wp-json\/wp\/v2\/categories?post=162692"},{"taxonomy":"post_tag","embeddable":true,"href":"https:\/\/www.europesays.com\/de\/wp-json\/wp\/v2\/tags?post=162692"}],"curies":[{"name":"wp","href":"https:\/\/api.w.org\/{rel}","templated":true}]}}