{"id":162721,"date":"2025-06-03T20:05:23","date_gmt":"2025-06-03T20:05:23","guid":{"rendered":"https:\/\/www.europesays.com\/de\/162721\/"},"modified":"2025-06-03T20:05:23","modified_gmt":"2025-06-03T20:05:23","slug":"rezension-von-elisa-hovens-roman-dunkle-momente","status":"publish","type":"post","link":"https:\/\/www.europesays.com\/de\/162721\/","title":{"rendered":"Rezension von Elisa Hovens Roman \u201eDunkle Momente\u201c"},"content":{"rendered":"<p>FAZ+Wie man Justiz erz\u00e4hlt : <\/p>\n<p>Geschichten aus der Grauzone<\/p>\n<p>03.06.2025, 12:53Lesezeit: 4 Min.<\/p>\n<p><img decoding=\"async\" alt=\"Was das Gericht an den Tag bringt: Elisa Hoven lie\u00df sich zu ihrem Roman von tats\u00e4chlichen F\u00e4llen anregen.\" fetchpriority=\"high\" height=\"1944\" loading=\"eager\"  src=\"https:\/\/www.europesays.com\/de\/wp-content\/uploads\/2025\/06\/deutscher-gerichtssaal-im-jahr-2025.jpg\" width=\"3000\" class=\"flex h-auto w-full\" tabindex=\"0\" data-selector=\"header-teaser-image\"\/>Bildbeschreibung ausklappen<\/p>\n<p>Was das Gericht an den Tag bringt: Elisa Hoven lie\u00df sich zu ihrem Roman von tats\u00e4chlichen F\u00e4llen anregen.dpa<\/p>\n<p class=\"xs:p1-intro sm:p1-intro-medium flex items-start gap-[10px] pb-[30px]\" data-external-selector=\"header-teaser\">\u201eAuch ein M\u00f6rder ist an den meisten Tagen ein normaler Mann, manchmal sogar ein guter\u201c: In ihrem Roman \u201eDunkle Momente\u201c erkundet Elisa Hoven Verbrechensf\u00e4lle, in denen das Justizsystem an seine Grenzen kommt.<\/p>\n","protected":false},"excerpt":{"rendered":"FAZ+Wie man Justiz erz\u00e4hlt : Geschichten aus der Grauzone 03.06.2025, 12:53Lesezeit: 4 Min. Bildbeschreibung ausklappen Was das Gericht&hellip;\n","protected":false},"author":2,"featured_media":162722,"comment_status":"","ping_status":"","sticky":false,"template":"","format":"standard","meta":{"footnotes":""},"categories":[1774],"tags":[1784,1785,29,214,30,215],"class_list":{"0":"post-162721","1":"post","2":"type-post","3":"status-publish","4":"format-standard","5":"has-post-thumbnail","7":"category-buecher","8":"tag-books","9":"tag-buecher","10":"tag-deutschland","11":"tag-entertainment","12":"tag-germany","13":"tag-unterhaltung"},"share_on_mastodon":{"url":"https:\/\/pubeurope.com\/@de\/114621233781695684","error":""},"_links":{"self":[{"href":"https:\/\/www.europesays.com\/de\/wp-json\/wp\/v2\/posts\/162721","targetHints":{"allow":["GET"]}}],"collection":[{"href":"https:\/\/www.europesays.com\/de\/wp-json\/wp\/v2\/posts"}],"about":[{"href":"https:\/\/www.europesays.com\/de\/wp-json\/wp\/v2\/types\/post"}],"author":[{"embeddable":true,"href":"https:\/\/www.europesays.com\/de\/wp-json\/wp\/v2\/users\/2"}],"replies":[{"embeddable":true,"href":"https:\/\/www.europesays.com\/de\/wp-json\/wp\/v2\/comments?post=162721"}],"version-history":[{"count":0,"href":"https:\/\/www.europesays.com\/de\/wp-json\/wp\/v2\/posts\/162721\/revisions"}],"wp:featuredmedia":[{"embeddable":true,"href":"https:\/\/www.europesays.com\/de\/wp-json\/wp\/v2\/media\/162722"}],"wp:attachment":[{"href":"https:\/\/www.europesays.com\/de\/wp-json\/wp\/v2\/media?parent=162721"}],"wp:term":[{"taxonomy":"category","embeddable":true,"href":"https:\/\/www.europesays.com\/de\/wp-json\/wp\/v2\/categories?post=162721"},{"taxonomy":"post_tag","embeddable":true,"href":"https:\/\/www.europesays.com\/de\/wp-json\/wp\/v2\/tags?post=162721"}],"curies":[{"name":"wp","href":"https:\/\/api.w.org\/{rel}","templated":true}]}}