{"id":162906,"date":"2025-06-03T21:46:19","date_gmt":"2025-06-03T21:46:19","guid":{"rendered":"https:\/\/www.europesays.com\/de\/162906\/"},"modified":"2025-06-03T21:46:19","modified_gmt":"2025-06-03T21:46:19","slug":"warum-auf-einem-friedhof-die-toiletten-zugenagelt-worden-sind-ludwigshafen","status":"publish","type":"post","link":"https:\/\/www.europesays.com\/de\/162906\/","title":{"rendered":"Warum auf einem Friedhof die Toiletten zugenagelt worden sind &#8211; Ludwigshafen"},"content":{"rendered":"<p class=\"rhp-dpa-teaser\"><b>Auf dem Edigheimer Friedhof gibt es  ein Plastikklo. Ein Sanit\u00e4rcontainer sollte im Herbst kommen \u2013 doch  passiert ist bisher nichts. Das stille \u00d6rtchen sorgt f\u00fcr \u00c4rger.<\/b><\/p>\n<p>Wer den Edigheimer Friedhof vom Haupteingang betritt, sieht das kleine Toilettenh\u00e4uschen sofort. Die wei\u00df-blaue Plastikkabine, die man von  Open-Air-Veranstaltungen kennt, <\/p>\n<p class=\"\">Bitte loggen Sie sich ein um den Artikel im Klartext zu sehen.<\/p>\n<p class=\"\">thste neebn edm eeugdalrf;Feomiu,hbd&amp;s na essdne seik&amp;tlecmuR;u der utPz u.arlckeob;lbm&amp;t sDa nenrretailedeudg aurwMekre sit na iennige etleSnl ba.hsitrc eiD nW&amp;auled;m naebh sei.sR Knei ,leZfwei asd &amp;dauGuemebl; imt dre rhrTaeulale tah eo.fsrrnbaenueivRdg<\/p>\n<p class=\"\">nA erd dNsetioer e<\/p>\n","protected":false},"excerpt":{"rendered":"Auf dem Edigheimer Friedhof gibt es ein Plastikklo. Ein Sanit\u00e4rcontainer sollte im Herbst kommen \u2013 doch passiert ist&hellip;\n","protected":false},"author":2,"featured_media":162907,"comment_status":"","ping_status":"","sticky":false,"template":"","format":"standard","meta":{"footnotes":"","_share_on_mastodon":"0"},"categories":[1845],"tags":[1634,3364,29,49624,548,663,3934,56737,16950,30,13,4060,2096,14,15,30446,12,184],"class_list":["post-162906","post","type-post","status-publish","format-standard","has-post-thumbnail","category-mannheim","tag-baden-wuerttemberg","tag-de","tag-deutschland","tag-edigheim","tag-eu","tag-europa","tag-europe","tag-frank-meier","tag-freie-waehler","tag-germany","tag-headlines","tag-lokal","tag-mannheim","tag-nachrichten","tag-news","tag-rheinpfalz","tag-schlagzeilen","tag-spd"],"share_on_mastodon":{"url":"https:\/\/pubeurope.com\/@de\/114621630622587901","error":""},"_links":{"self":[{"href":"https:\/\/www.europesays.com\/de\/wp-json\/wp\/v2\/posts\/162906","targetHints":{"allow":["GET"]}}],"collection":[{"href":"https:\/\/www.europesays.com\/de\/wp-json\/wp\/v2\/posts"}],"about":[{"href":"https:\/\/www.europesays.com\/de\/wp-json\/wp\/v2\/types\/post"}],"author":[{"embeddable":true,"href":"https:\/\/www.europesays.com\/de\/wp-json\/wp\/v2\/users\/2"}],"replies":[{"embeddable":true,"href":"https:\/\/www.europesays.com\/de\/wp-json\/wp\/v2\/comments?post=162906"}],"version-history":[{"count":0,"href":"https:\/\/www.europesays.com\/de\/wp-json\/wp\/v2\/posts\/162906\/revisions"}],"wp:featuredmedia":[{"embeddable":true,"href":"https:\/\/www.europesays.com\/de\/wp-json\/wp\/v2\/media\/162907"}],"wp:attachment":[{"href":"https:\/\/www.europesays.com\/de\/wp-json\/wp\/v2\/media?parent=162906"}],"wp:term":[{"taxonomy":"category","embeddable":true,"href":"https:\/\/www.europesays.com\/de\/wp-json\/wp\/v2\/categories?post=162906"},{"taxonomy":"post_tag","embeddable":true,"href":"https:\/\/www.europesays.com\/de\/wp-json\/wp\/v2\/tags?post=162906"}],"curies":[{"name":"wp","href":"https:\/\/api.w.org\/{rel}","templated":true}]}}