{"id":162975,"date":"2025-06-03T22:23:10","date_gmt":"2025-06-03T22:23:10","guid":{"rendered":"https:\/\/www.europesays.com\/de\/162975\/"},"modified":"2025-06-03T22:23:10","modified_gmt":"2025-06-03T22:23:10","slug":"fahrbahndecke-der-albersdorfer-strasse-wird-erneuert-%c2%b7-leipziger-zeitung","status":"publish","type":"post","link":"https:\/\/www.europesays.com\/de\/162975\/","title":{"rendered":"Fahrbahndecke der Albersdorfer Stra\u00dfe wird erneuert \u00b7 Leipziger Zeitung"},"content":{"rendered":"<p>Zur Erh\u00f6hung der Verkehrssicherheit wird im Oktober die Fahrbahndecke der Albersdorfer Stra\u00dfe zwischen Rippachtalstra\u00dfe und Kaninchensteig erneuert. Wie aus der Sitzung der Verwaltungsspitze hervorgeht, betragen die Gesamtkosten f\u00fcr Planung und Bau 450.000 Euro.<\/p>\n<p>W\u00e4hrend der geplanten drei Wochen Bauzeit werden die durch die hohe Verkehrsbelastung im Fahrbahnbelag entstandenen Risse und Flickstellen dauerhaft beseitigt. Realisiert werden soll das Bauvorhaben im\u00a0Stadtteil Knautkleeberg in zwei Bauabschnitten mit wechselnder Verkehrsf\u00fchrung.<\/p>\n","protected":false},"excerpt":{"rendered":"Zur Erh\u00f6hung der Verkehrssicherheit wird im Oktober die Fahrbahndecke der Albersdorfer Stra\u00dfe zwischen Rippachtalstra\u00dfe und Kaninchensteig erneuert. Wie&hellip;\n","protected":false},"author":2,"featured_media":79298,"comment_status":"","ping_status":"","sticky":false,"template":"","format":"standard","meta":{"footnotes":""},"categories":[1832],"tags":[2461,3364,29,30,56756,71,859,56755,13175],"class_list":{"0":"post-162975","1":"post","2":"type-post","3":"status-publish","4":"format-standard","5":"has-post-thumbnail","7":"category-leipzig","8":"tag-baustelle","9":"tag-de","10":"tag-deutschland","11":"tag-germany","12":"tag-knautkleeberg","13":"tag-leipzig","14":"tag-sachsen","15":"tag-strassenerneuerung","16":"tag-verkehrsbehinderung"},"share_on_mastodon":{"url":"https:\/\/pubeurope.com\/@de\/114621776029570185","error":""},"_links":{"self":[{"href":"https:\/\/www.europesays.com\/de\/wp-json\/wp\/v2\/posts\/162975","targetHints":{"allow":["GET"]}}],"collection":[{"href":"https:\/\/www.europesays.com\/de\/wp-json\/wp\/v2\/posts"}],"about":[{"href":"https:\/\/www.europesays.com\/de\/wp-json\/wp\/v2\/types\/post"}],"author":[{"embeddable":true,"href":"https:\/\/www.europesays.com\/de\/wp-json\/wp\/v2\/users\/2"}],"replies":[{"embeddable":true,"href":"https:\/\/www.europesays.com\/de\/wp-json\/wp\/v2\/comments?post=162975"}],"version-history":[{"count":0,"href":"https:\/\/www.europesays.com\/de\/wp-json\/wp\/v2\/posts\/162975\/revisions"}],"wp:featuredmedia":[{"embeddable":true,"href":"https:\/\/www.europesays.com\/de\/wp-json\/wp\/v2\/media\/79298"}],"wp:attachment":[{"href":"https:\/\/www.europesays.com\/de\/wp-json\/wp\/v2\/media?parent=162975"}],"wp:term":[{"taxonomy":"category","embeddable":true,"href":"https:\/\/www.europesays.com\/de\/wp-json\/wp\/v2\/categories?post=162975"},{"taxonomy":"post_tag","embeddable":true,"href":"https:\/\/www.europesays.com\/de\/wp-json\/wp\/v2\/tags?post=162975"}],"curies":[{"name":"wp","href":"https:\/\/api.w.org\/{rel}","templated":true}]}}