{"id":163163,"date":"2025-06-04T00:06:51","date_gmt":"2025-06-04T00:06:51","guid":{"rendered":"https:\/\/www.europesays.com\/de\/163163\/"},"modified":"2025-06-04T00:06:51","modified_gmt":"2025-06-04T00:06:51","slug":"markus-heitz-bestsellerautor-von-fantasy-buecher-biographie-fakten","status":"publish","type":"post","link":"https:\/\/www.europesays.com\/de\/163163\/","title":{"rendered":"Markus Heitz \u2013 Bestsellerautor von Fantasy, B\u00fccher, Biographie, Fakten"},"content":{"rendered":"<p>                        <img decoding=\"async\" src=\"https:\/\/www.europesays.com\/de\/wp-content\/uploads\/2025\/06\/6jr3ap---c1034x582x50px50p--5fac17523f6999eba11ff78531c8da70.png\"  alt=\"Foto des deutschen Schriftstellers Markus Heitz\" title=\"Foto des Autors\"\/><\/p>\n<p>Markus Heitz \u2013 Ber\u00fchmter deutscher Autor der\u201eZwerge\u201c-Serie<\/p>\n<p>In meiner Rezension erfahren Sie mehr \u00fcber den Weg des Schriftstellers zum Erfolg, seine beliebtesten Werke und den Einfluss, den er auf die moderne deutsche Literatur hatte.<\/p>\n<p>B\u00fccher von Markus Heitz<\/p>\n<p>Der Autor hat bereits mehr <b>als 50 Werke geschaffen<\/b>, einige davon sind Teil verschiedener Serien, andere sind Einzelwerke. Auch wenn sein bestes Buch noch nicht geschrieben ist, kann sich das kreative Verm\u00e4chtnis von Markus Heitz bereits sehen lassen.<\/p>\n<p>Buchreihe Zwerge \/ Tungdil Goldhand<\/p>\n<p>Die Zwerge ist eine epische Saga, die vom Kampf der Zwerge gegen Orks, Dunkelelfen und andere t\u00f6dliche Feinde erz\u00e4hlt. Der Protagonist der Serie, Tungdil Goldhand, macht einen langen Weg vom einfachen Schmied zum m\u00e4chtigen Helden und erlebt dabei viele spannende Abenteuer.<\/p>\n<p>In dieser Serie kommen die wichtigsten Merkmale des kreativen Stils des Autors deutlich zum Ausdruck.<b> Er vermeidet lange und komplexe Wortkonstruktionen und bevorzugt pr\u00e4gnante S\u00e4tze und eine einfache Sprache<\/b>. Daher sind seine B\u00fccher bei einem m\u00f6glichst breiten Publikum beliebt \u2013 vom Teenager bis zum Rentner.<\/p>\n<p><img decoding=\"async\" class=\"js-lazy\" src=\"https:\/\/www.europesays.com\/de\/wp-content\/uploads\/2025\/06\/uxfvwx-144f0584b9387479283bb011a87670c8.png\"  alt=\"Die Zwerge, Markus Heitz\" title=\"Die Zwerge ist das beliebteste Fantasy-Buch von Markus Heitz\"\/><\/p>\n<p>Die Zwerge \u2013 beliebteste Buch von Markus Heitz<\/p>\n<p>Foto aus dem Internet<\/p>\n<p>Die Reihe ist sehr erfolgreich, auch aus kommerzieller Sicht. Im Jahr 2009 wurde sie unter dem Titel The Dwarves ins Englische \u00fcbersetzt, und der Autor wurde \u00fcber Deutschland hinaus bekannt.<\/p>\n<p>Die Chronologie der Ereignisse, die Tungdil Goldhand widerfahren, deckt sich mit der Reihenfolge, in der die B\u00fccher erschienen sind, so dass es durchaus sinnvoll ist, die The Dwarves B\u00fccher der Reihe nach zu lesen:<\/p>\n<ul>\n<li>Die Zwerge (2003);<\/li>\n<li>Der Krieg der Zwerge (2004);<\/li>\n<li>Die Rache der Zwerge (2005);<\/li>\n<li>Das Schicksal der Zwerge (2008);<\/li>\n<li>Der Triumph der Zwerge (2015);<\/li>\n<li>Die R\u00fcckkehr der Zwerge 1 (2021);<\/li>\n<li>Die R\u00fcckkehr der Zwerge 2 (2021);<\/li>\n<li>Das Herz der Zwerge 1 (2022);<\/li>\n<li>Das Herz der Zwerge 2 (2022).<\/li>\n<\/ul>\n<p>Jetzt arbeitet der Autor an anderen Projekten, aber es ist nicht ausgeschlossen, dass er eines Tages zu dieser Serie zur\u00fcckkehren wird, die ihm internationale Anerkennung gebracht hat. Und dann wird Zwerge reihenfolge das Licht der Welt erblicken, aber das genaue Erscheinungsdatum wird noch lange ein Geheimnis bleiben.<\/p>\n<p><img decoding=\"async\" src=\"https:\/\/www.europesays.com\/de\/wp-content\/uploads\/2025\/06\/hqdefault.jpg\"\/><\/p>\n<p>Ein Film nach dem Buch Die Zwerge, geschrieben von Markus Heitz<\/p>\n<p>Die Zwerge (Graphic Novel) Buchreihe<\/p>\n<p>Aufbauend auf dem Erfolg der Hauptserie hat Markus Heitz zusammen mit Yann Krehl und Che Rossi\u00e9 vier Graphic Novels verfasst, die sich vor allem an Jugendliche und junge Erwachsene richten:<\/p>\n<ul>\n<li>Die Zwerge Band 1: Tungdil (2013);<\/li>\n<li>Die Zwerge Band 2: Der Thronanw\u00e4rter (2016);<\/li>\n<li>Die Zwerge Band 3: Die Expedition (2020);<\/li>\n<li>Die Zwerge Band 4: Die Feuerklinge (2022).<\/li>\n<\/ul>\n<p>Zum Zeitpunkt des Verfassens dieser Rezension ist noch nichts \u00fcber die Pl\u00e4ne des Autors bekannt, das Genre weiterzuf\u00fchren. Es ist gut m\u00f6glich, dass die Dwarves-Reihe ihre Fortsetzung findet und neue Ausgaben dieses Comics erscheinen werden.<\/p>\n<p>Buchreihe Doors<\/p>\n<p>Bei dieser Reihe hat sich der Autor f\u00fcr ein originelles kreatives Experiment entschieden. Die Leser haben Zugang zu einem kostenlosen 80-seitigen Heft, einer Art Pilotausgabe, in der die Handlung beginnt. Und dann kann man eines der drei B\u00fccher mit v\u00f6llig unterschiedlichen Fortsetzungen kaufen.<\/p>\n<p><img decoding=\"async\" class=\"js-lazy\" src=\"https:\/\/www.europesays.com\/de\/wp-content\/uploads\/2025\/06\/zs7inn-821dc4a6a28faa90b249f7bc4ae5df5b.png\"  alt=\"Buchreihe Doors, Markus Heitz\" title=\"Buchreihe Doors, M. Heitz\"\/><\/p>\n<p>Die Doors-Buchreihe: ein originelles kreatives Experiment<\/p>\n<p>Foto von i0.wp.com<\/p>\n<p>Bislang sind erst zwei Staffeln von B\u00fcchern mit diesem interessanten Konzept erschienen, und ob es Pl\u00e4ne gibt, dieses Experiment, das sich an ein m\u00f6glichst breites Publikum richtet, fortzusetzen, ist nicht bekannt.<\/p>\n<p>Staffel 1: Der Anfang<\/p>\n<ul>\n<li>Blutfeld (2018);<\/li>\n<li>D\u00e4mmerung (2018);<\/li>\n<li>Kolonie (2018).<\/li>\n<\/ul>\n<p>Staffel 2: Drei Sekunden.<\/p>\n<ul>\n<li>Energija (2019);<\/li>\n<li>W\u00e4chter (2019);<\/li>\n<li>Vorsehung (2019).<\/li>\n<\/ul>\n<p>Collector-Serie<\/p>\n<p>In den beiden B\u00fcchern dieser Miniserie hat Markus Heitz bewiesen, dass er nicht nur gro\u00dfartige Fantasy, sondern auch exzellente Science Fiction schreiben kann. Das XXXI. Jahrhundert, die Kolonisierung ferner Planeten, eine finstere Ethnie von Collectors, die versucht, die Menschheit zu versklaven&#8230; Eine solch interessante Mischung wird Fans von Weltraumopern und Liebhabern von scharfen Thrillern ansprechen, unabh\u00e4ngig von Geschlecht und Alter.<\/p>\n<p>Bislang gibt es nur zwei B\u00fccher der Serie, aber es ist nicht auszuschlie\u00dfen, dass der Autor zu ihr zur\u00fcckkehren wird:<\/p>\n<ul>\n<li>Collector (2012);<\/li>\n<li>Operation Vade Retro (2015).<\/li>\n<\/ul>\n<p>Buchreihe AERA \/ Malleus Bourreau<img decoding=\"async\" class=\"js-lazy\" src=\"https:\/\/www.europesays.com\/de\/wp-content\/uploads\/2025\/06\/txaroa-c97bf28526fdc77d7cbb6be2a1bdc37f.jpg\"  alt=\"Buchreihe AERA, Markus Heitz\" title=\"Buchreihe AERA, M. Heitz\"\/><\/p>\n<p>AERA-Buchreihe. Eine Kombination aus Science-Fiction, Mystery und Krimi<\/p>\n<p>Foto von howaboutlife.blog<\/p>\n<p>In dieser Dilogie, die der R\u00fcckkehr der antiken G\u00f6tter \u2013 von Zeus bis Manitou \u2013 auf die Erde gewidmet ist, verbindet der Autor meisterhaft mehrere Genres auf einmal: Science Fiction, Mystik mit Elementen des Horrors und des Krimis. Wenn Sie ein Fan von mindestens einer dieser literarischen Richtungen sind, wird Sie diese Miniserie sicher interessieren:<\/p>\n<ul>\n<li>Die R\u00fcckkehr der G\u00f6tter (2015);<\/li>\n<li>Die Sch\u00e4rzeste Nacht (2022).<\/li>\n<\/ul>\n<p>Reihe Dunkle Spannung \/ Pakt der Dunkelheit<\/p>\n<p>Die B\u00fccher dieser Reihe spielen in verschiedenen Zeiten und an unterschiedlichen Orten, vom mittelalterlichen Italien bis zum heutigen Leipzig. Der rote Faden, der sich durch die gesamte Geschichte zieht, ist das Thema des Kampfes der Menschen gegen das ewige B\u00f6se, die Werw\u00f6lfe und Vampire. Die Reihe richtet sich in erster Linie an ein jugendliches Publikum, kann aber auch f\u00fcr erwachsene Leser interessant sein.<\/p>\n<p>Die interne Chronologie von Pakt der Dunkelheit stimmt nicht mit der Reihenfolge \u00fcberein, in der die B\u00fccher ver\u00f6ffentlicht wurden, daher ist es am besten, sie in dieser Reihenfolge zu lesen:<\/p>\n<ul>\n<li>Ritus (2006);<\/li>\n<li>Sanctum (2006);<\/li>\n<li>Blutportale (2008);<\/li>\n<li>Kinder des Judas (2007);<\/li>\n<li>Judassohn (2010);<\/li>\n<li>Blutmaske (2012);<\/li>\n<li>Judast\u00f6chter (2010).<\/li>\n<\/ul>\n<p>Reihe Legenden der Albae<\/p>\n<p>Die Ereignisse, die in den B\u00fcchern dieser Reihe erz\u00e4hlt werden, spielen in der gleichen Welt wie die Zwergenepen. Allerdings werden die Geschichten im Namen der Albae-Elfen erz\u00e4hlt, den Hauptgegnern von Die Zwerge. Der Autor versucht zu zeigen, dass auch die dunkle Seite der Macht ihre eigene Wahrheit haben kann.<\/p>\n<p>Diese Reihe wird vor allem f\u00fcr diejenigen interessant sein, die bereits mit den Abenteuern von Tungdil Goldhand und seinen Freunden vertraut sind. Mit diesen B\u00fcchern kann man sie aus der entgegengesetzten Perspektive betrachten:<\/p>\n<ul>\n<li>Gerechter Zorn (2009);<\/li>\n<li>Vernichtender Hass (2011);<\/li>\n<li>Dunkle Pfade (2012);<\/li>\n<li>Die Vergessenen Schriften (2014);<\/li>\n<li>Tobender Sturm (2014);<\/li>\n<li>Dunkles Erbe (2024).<\/li>\n<\/ul>\n<p>M\u00e4chte des Feuers \/ Silena \/ Drachen-Reihe<\/p>\n<p>Die Serie \u00fcber die Abenteuer des Drachent\u00f6term\u00e4dchens Silena, die in einer Parallelwelt spielen, zeichnet sich durch eine originelle Mischung aus reiner Fantasy und Elementen einer \u00e4hnlichen modernen Realit\u00e4t aus. Der leichte Humor der Autorin verleiht der Trilogie Charme, so dass sie f\u00fcr Leser aller Altersgruppen gut geeignet ist:<\/p>\n<ul>\n<li>Die M\u00e4chte des Feuers (2006);<\/li>\n<li>Drachenkaiser (2009);<\/li>\n<li>Drachengift (2016).<\/li>\n<\/ul>\n<p>Die Traumg\u00e4nger-Reihe<\/p>\n<p>In dieser Reihe f\u00fcr Kinder lernen die jungen Leser Finn und seine Freunde kennen, die die F\u00e4higkeit haben, durch die Welt der Tr\u00e4ume zu reisen. Diese B\u00fccher sind sauber und leuchtend, aber auch dynamisch und spannend und eignen sich hervorragend f\u00fcr die ganze Familie:<\/p>\n<ul>\n<li>Aufbruch nach Deseo (2024);<\/li>\n<li>Verschollen in Hellenia (2025);<\/li>\n<li>Aufruhr in Dunkelion (2025).<\/li>\n<\/ul>\n<p>Ulldart-Reihe<\/p>\n<p>Der Schriftsteller deb\u00fctierte mit einem Roman aus dieser besonderen Reihe, die sich an ein m\u00f6glichst breites Publikum richtet und f\u00fcr die er auch seinen ersten Preis erhielt. Doch obwohl die Abenteuer von Lodric, der einen sehr langen Weg vom verw\u00f6hnten Prinzen zum m\u00e4chtigen K\u00f6nig zur\u00fcckgelegt hat und auf dem Weg dorthin immer wieder seinen Kontinent vor der Zerst\u00f6rung rettet, den Lesern gefielen, brachten sie ihm keinen so gro\u00dfen kommerziellen Erfolg wie die Saga der Zwerge.<\/p>\n<p><img decoding=\"async\" class=\"js-lazy\" src=\"https:\/\/www.europesays.com\/de\/wp-content\/uploads\/2025\/06\/yfbp4a-ad2eeb487853f87312d59228ec62a69e.jpg\"  alt=\"Ulldart-Reihe, Markus Heitz\" title=\"Ulldart-Reihe, M. Heitz\"\/><\/p>\n<p>Ulldart. Markus Heitz Deb\u00fctroman <\/p>\n<p>Foto von mahet.de<\/p>\n<p>Der Autor hat diese Reihe in zwei Teilzyklen unterteilt, Die Dunkle Zeit und Zeit des Neuen, und es ist am besten, die B\u00fccher, die sie umfassen, in dieser Reihenfolge zu lesen:<\/p>\n<ul>\n<li>Schatten \u00fcber Ulldart (2002);<\/li>\n<li>Der Orden der Schwerter (2002);<\/li>\n<li>Das Zeichen des Dunklen Gottes (2002);<\/li>\n<li>Unter den Augen Tzulans (2003);<\/li>\n<li>Die Magie des Herrschers (2005);<\/li>\n<li>Die Quellen des B\u00f6sen (2005);<\/li>\n<li>Tr\u00fcgerischer Friede (2005);<\/li>\n<li>Brennende Kontinente (2006);<\/li>\n<li>Fatales Verm\u00e4chtnis (2007).<\/li>\n<\/ul>\n<p>Insgesamt scheint die Geschichte ziemlich abgeschlossen zu sein, so dass es unwahrscheinlich ist, dass der Autor jemals zu dieser Serie zur\u00fcckkehren wird.<\/p>\n<p>Wedora-Reihe\u00a0<\/p>\n<p>Die Lekt\u00fcre dieser Dilogie wird sicherlich alle Fantasy-Fans, unabh\u00e4ngig von ihrem Alter, ansprechen. Die Handlung spielt in der Handelsstadt Wedora, die inmitten des riesigen W\u00fcstenmeeres liegt. Das Schicksal f\u00fchrt den Schurken Lyotan und den Ordnungsh\u00fcter Tomeya zusammen, doch statt unvers\u00f6hnliche Gegner zu werden, werden sie beste Freunde. Gekonnt spielt der Autor mit der absoluten Un\u00e4hnlichkeit dieser Charaktere, was zu unerwarteten Wendungen und sehr lustigen Momenten f\u00fchrt.<\/p>\n<p>Ob die Autorin plant, aus dieser Serie eine Trilogie zu machen, ist nicht bekannt, aber Sie k\u00f6nnen die bereits erschienenen B\u00fccher lesen:<\/p>\n<ul>\n<li>W\u00e9dora \u2013 Staub und Blut (2016);<\/li>\n<li>W\u00e9dora \u2013 Schatten und Tod (2017).<\/li>\n<\/ul>\n<p>Beliebte B\u00fccher au\u00dferhalb der Serie<\/p>\n<p>Zum Pereum der Autorin geh\u00f6ren nicht nur zahlreiche Serien, sondern auch Einzelwerke, von denen einige auch beim Lesepublikum gro\u00dfe Anerkennung gefunden haben.<\/p>\n<p>Darunter sind die Thriller Totenblick (2013), Lyssa (2016) und Reflexion (2016), das Buch Vampire! Vampir! &#8211; Alles \u00fcber Blutsauger (2008), das sich ausf\u00fchrlich mit der Vampirthematik auseinandersetzt, sowie der Roman Die Schwarze K\u00f6nigin (2023), in dem historische und mystische Motive miteinander verwoben sind.<\/p>\n<p>Schriftsteller Markus Heitz: Biografie<\/p>\n<p>Der zuk\u00fcnftige Schriftsteller wurde am 10. Oktober 1971 in Homburg geboren. Nach dem Abitur an der katholischen Privatschule Johanneum im Jahr 1991 leistete er seinen Wehrdienst bei der Bundeswehr ab und studierte an der Universit\u00e4t des Saarlandes Geschichte und Germanistik auf Lehramt.<\/p>\n<p><img decoding=\"async\" class=\"js-lazy\" src=\"https:\/\/www.europesays.com\/de\/wp-content\/uploads\/2025\/06\/su24od-d917bbf6c093a76a3503aef30c2947fc.jpg\"  alt=\"Ber\u00fchmter Schriftsteller Markus Heitz\" title=\"Science-Fiction-Autor Markus Heitz\"\/><\/p>\n<p>Schriftsteller Markus Heitz<\/p>\n<p>Foto von saarbruecker-zeitung.de<\/p>\n<p>Nach seinem Magisterabschluss im Jahr 2000 nahm Markus Heitz eine Stelle als Reporter bei der Saarbr\u00fccker Zeitung an. Noch im selben Jahr unterschrieb er seinen ersten Vertrag beim M\u00fcnchner Piper Verlag, wo zwei Jahre sp\u00e4ter sein Deb\u00fctroman erschien.<\/p>\n<p>Die Erfolgsgeschichte<\/p>\n<p>Mit seinem ersten Buch feierte er einen ersten Erfolg: Die Dunkle Zeit 1 \u2013 Schatten \u00fcber Ulldart wurde mit dem Deutschen Phantastik Preis, dem wichtigsten Branchenpreis f\u00fcr den besten Deb\u00fctroman, ausgezeichnet. Und der zweite Roman, Die Zwerge, der 2003 erschien, begr\u00fcndete nicht nur die bekannteste Serie des Autors, sondern sicherte auch seine finanzielle Unabh\u00e4ngigkeit.<\/p>\n<p>Seitdem besch\u00e4ftigt sich der Bestsellerautor ausschlie\u00dflich mit der kreativen Arbeit, publiziert aber in der Saarbr\u00fccker Zeitung auch heute noch gelegentlich, allerdings nicht mehr f\u00fcr Tantiemen, sondern rein zum Vergn\u00fcgen.<\/p>\n<p>Wie Markus Heitz in Interviews selbst zugab, begann er mit 14 Jahren B\u00fccher zu schreiben, ohne an eine berufliche Karriere zu denken, sondern aus Spa\u00df an der Sache. Die ersten \u00dcberlegungen, dies zu seinem Hauptberuf zu machen, kamen ihm w\u00e4hrend des Studiums und zwangen ihn schlie\u00dflich, die Idee, Lehrer zu werden, aufzugeben.<\/p>\n<p>Der Autor sagt, er schreibe B\u00fccher aus zwei Gr\u00fcnden. Erstens, <b>weil es einfach Spa\u00df macht<\/b>. Und zweitens<b> ist es der vielseitigste Beruf der Welt<\/b>. Er l\u00e4sst sich vor allem von der Musik inspirieren, und sein Geschmack ist sehr vielf\u00e4ltig \u2013 von der Gotik in all ihren Auspr\u00e4gungen bis hin zur Klassik, wobei der Schriftsteller die Werke russischer und skandinavischer Komponisten bevorzugt.<\/p>\n<p>Markus Heitz geh\u00f6rt zweifelsohne zu den <a href=\"https:\/\/znaki.fm\/de\/teams\/fantasy-autoren\/\" rel=\"nofollow noopener\" target=\"_blank\">Top 10 der deutschen Fantasy-Autoren<\/a> und nimmt in dieser Liste einen der vorderen Pl\u00e4tze ein. Mit dem Beginn der englischen \u00dcbersetzungen seiner Zwergensaga im Jahr 2009 erlangte der Autor internationale Popularit\u00e4t. Dabei bedient er nicht ausschlie\u00dflich das Fantasy-Genre, in dem er am erfolgreichsten war, sondern setzt verschiedene kreative Experimente fort.<\/p>\n<p><img decoding=\"async\" class=\"js-lazy\" src=\"https:\/\/www.europesays.com\/de\/wp-content\/uploads\/2025\/06\/n2ncib-fc373e3e6c898239872276e51aefb9ef.jpg\"  alt=\"Markus Heitz bei der Pressekonferenz\" title=\"Interview mit Markus Heitz \"\/><\/p>\n<p>Markus Heitz gibt ein Interview<\/p>\n<p>Foto von wikimedia.org<\/p>\n<p>Krimi, Thriller, reine Science-Fiction, Kinderb\u00fccher, Comics, Horror, Mystik, alternative Geschichte, Libretto f\u00fcr Musicals \u2013 so sieht die Liste der literarischen Richtungen aus, in denen sich der Autor bisher versucht hat. Aber angesichts seines Durstes nach Neuem ist es nicht ausgeschlossen, dass sie sich im Laufe der Zeit noch erheblich erweitern wird.<\/p>\n<p>Interessante Fakten \u00fcber Markus Heitz<\/p>\n<p>Der Schriftsteller kleidet sich ausschlie\u00dflich in Schwarz, tr\u00e4gt eine Brille und einen kurzen Bart von origineller Form. In Kombination mit einer K\u00f6rpergr\u00f6\u00dfe von 189 Zentimetern macht dies sein Auftreten stilvoll und einpr\u00e4gsam.<\/p>\n<p>Neben der Musik nennt der Autor schwarzen Tee als zus\u00e4tzliche Inspirationsquelle. T\u00e4glich trinkt er zwei Liter dieses Getr\u00e4nks mit Milch und Zucker, was ihm eine Ladung Kraft gibt, ohne die ein gutes Buch nicht geschrieben werden kann.<\/p>\n<p>Markus Heitz liebt das Reisen, wobei er den Zug allen anderen Verkehrsmitteln vorzieht. Au\u00dferdem kocht er gerne und ironisiert, dass er au\u00dfer Kochen und B\u00fccherschreiben nichts anderes mit seinen H\u00e4nden machen kann. Viele seiner Werke<b> enthalten einzigartige Rezepte f\u00fcr Speisen und Getr\u00e4nke, die er sich selbst ausgedacht hat<\/b>, und von denen er die besten auf seiner offiziellen Website ver\u00f6ffentlicht hat.<\/p>\n<p>Der Schriftsteller hat auch ein Pseudonym \u2013 Maxim Voland. Bislang sind nur zwei B\u00fccher unter diesem Namen erschienen: Die Republik (2020) und Die Wertlosen: Berlin \u2013 Tod eines Yakuza (2023). Sie handeln von einer alternativen Geschichte Deutschlands, sind im Genre des Krimis geschrieben und zeigen eine weitere Facette des Talents des Schriftstellers.<\/p>\n<p>Auszeichnungen und Einfluss auf die deutsche Literatur<\/p>\n<p>Markus Heitz hat in seiner mehr als 20-j\u00e4hrigen Schriftstellerkarriere viele Auszeichnungen erhalten. In der folgenden Liste werde ich nur die wichtigsten auff\u00fchren, eine vollst\u00e4ndige Auflistung w\u00fcrde zu viel Platz beanspruchen:<\/p>\n<ul>\n<li>Bester deutscher Deb\u00fctroman f\u00fcr Die dunkle Zeit 1 \u2013 Schatten \u00fcber Ulldart (2003);<\/li>\n<li>Bester deutscher Roman f\u00fcr das Buch Der Krieg der Zwerge (2005);<\/li>\n<li>Bester deutscher Roman f\u00fcr Die Rache der Zwerge (2006);<\/li>\n<li>Bester deutscher Roman f\u00fcr Die M\u00e4chte des Feuers (2007);<\/li>\n<li>Beste Serie f\u00fcr die Reihe Ulldart \u2013 Zeit des Neuen (2007);<\/li>\n<li>Bester Roman in deutscher Sprache f\u00fcr Das Schicksal der Zwerge (2009);<\/li>\n<li>Bester Roman in deutscher Sprache f\u00fcr Die Legenden der Albae 1 \u2013 Gerechter Zorn (2010);<\/li>\n<li>Bester Roman in deutscher Sprache f\u00fcr das Buch Judast\u00f6chter (2011);<\/li>\n<li>Bester Roman in deutscher Sprache f\u00fcr Die Legenden der Albae 2 \u2013 Vernichtender Hass (2012);<\/li>\n<li>Bester Roman in deutscher Sprache f\u00fcr Die Zwerge (II): Der Thronanw\u00e4rter (2017).<\/li>\n<\/ul>\n<p><b>Im Durchschnitt ver\u00f6ffentlicht ein Autor zwei Romane pro Jahr<\/b> und hat nicht vor, langsamer zu werden. Markus Heitz wird seine Fans also sicher mit mehr als einem weiteren Bestseller erfreuen. Aber schon jetzt k\u00f6nnen wir vorsichtig einsch\u00e4tzen, welchen Beitrag er zur modernen deutschen Literatur geleistet hat.<\/p>\n<p><img decoding=\"async\" class=\"js-lazy\" src=\"https:\/\/www.europesays.com\/de\/wp-content\/uploads\/2025\/06\/4ss3x6-ad4f5e057aef6fdc6a14003962ce61dd.jpg\"  alt=\"Markus Heitz mit der Auszeichnung\" title=\"Markus Heitz erh\u00e4lt den Preis\"\/><\/p>\n<p>Markus Heitz Auszeichnungen<\/p>\n<p>Foto von saarbruecker-zeitung.de<\/p>\n<blockquote>\n<p>Eines seiner Hauptverdienste: die Wiederbelebung eines ganzen Genres, das in den 1980er Jahren sehr popul\u00e4r war, dann aber zu Unrecht in Vergessenheit geriet. Es handelt sich dabei um Abenteuerspielb\u00fccher, in denen die Leser entscheiden k\u00f6nnen, wie sich die Ereignisse in der Zukunft entwickeln werden.<\/p>\n<\/blockquote>\n<p>Zwischen 2005 und 2010 ver\u00f6ffentlichte Pegasus Press sechs solcher Werke, die abwechselnd in Ulldarta und Enchanted Earth spielen \u2013 den bekanntesten Welten, die Markus Heitz&#8216; Fantasie entsprungen sind. Zwei davon hat er allein geschrieben, die anderen gemeinsam mit Nicole Schuhmacher und Sonja R\u00fcther.<\/p>\n<p>Der Autor hat auch die Traditionen der deutschen Abenteuerliteratur wiederbelebt, der heimischen Phantastik neue Impulse gegeben und mit seinen kreativen Experimenten die Aufmerksamkeit der Leser auf neue Genres gelenkt. Seine Verdienste sind schon jetzt kaum zu \u00fcbersch\u00e4tzen, und was noch kommen wird, wird nur die Zeit zeigen.<\/p>\n<p>Die Werke von M. Heitz&#8216; Werke sind sowohl in elektronischer Form als auch als H\u00f6rbuch erh\u00e4ltlich. Wenn Sie jedoch eine Papierausgabe kaufen m\u00f6chten, nutzen Sie am besten diese Dienste:<\/p>\n<p>Der Autor ist gleich in mehreren sozialen Netzwerken sehr aktiv:<\/p>\n","protected":false},"excerpt":{"rendered":"Markus Heitz \u2013 Ber\u00fchmter deutscher Autor der\u201eZwerge\u201c-Serie In meiner Rezension erfahren Sie mehr \u00fcber den Weg des Schriftstellers&hellip;\n","protected":false},"author":2,"featured_media":163164,"comment_status":"","ping_status":"","sticky":false,"template":"","format":"standard","meta":{"footnotes":""},"categories":[1774],"tags":[1784,1785,29,214,30,215],"class_list":{"0":"post-163163","1":"post","2":"type-post","3":"status-publish","4":"format-standard","5":"has-post-thumbnail","7":"category-buecher","8":"tag-books","9":"tag-buecher","10":"tag-deutschland","11":"tag-entertainment","12":"tag-germany","13":"tag-unterhaltung"},"share_on_mastodon":{"url":"https:\/\/pubeurope.com\/@de\/114622185336870579","error":""},"_links":{"self":[{"href":"https:\/\/www.europesays.com\/de\/wp-json\/wp\/v2\/posts\/163163","targetHints":{"allow":["GET"]}}],"collection":[{"href":"https:\/\/www.europesays.com\/de\/wp-json\/wp\/v2\/posts"}],"about":[{"href":"https:\/\/www.europesays.com\/de\/wp-json\/wp\/v2\/types\/post"}],"author":[{"embeddable":true,"href":"https:\/\/www.europesays.com\/de\/wp-json\/wp\/v2\/users\/2"}],"replies":[{"embeddable":true,"href":"https:\/\/www.europesays.com\/de\/wp-json\/wp\/v2\/comments?post=163163"}],"version-history":[{"count":0,"href":"https:\/\/www.europesays.com\/de\/wp-json\/wp\/v2\/posts\/163163\/revisions"}],"wp:featuredmedia":[{"embeddable":true,"href":"https:\/\/www.europesays.com\/de\/wp-json\/wp\/v2\/media\/163164"}],"wp:attachment":[{"href":"https:\/\/www.europesays.com\/de\/wp-json\/wp\/v2\/media?parent=163163"}],"wp:term":[{"taxonomy":"category","embeddable":true,"href":"https:\/\/www.europesays.com\/de\/wp-json\/wp\/v2\/categories?post=163163"},{"taxonomy":"post_tag","embeddable":true,"href":"https:\/\/www.europesays.com\/de\/wp-json\/wp\/v2\/tags?post=163163"}],"curies":[{"name":"wp","href":"https:\/\/api.w.org\/{rel}","templated":true}]}}