{"id":163235,"date":"2025-06-04T00:44:08","date_gmt":"2025-06-04T00:44:08","guid":{"rendered":"https:\/\/www.europesays.com\/de\/163235\/"},"modified":"2025-06-04T00:44:08","modified_gmt":"2025-06-04T00:44:08","slug":"crystal-palace-droht-europa-league-ausschluss","status":"publish","type":"post","link":"https:\/\/www.europesays.com\/de\/163235\/","title":{"rendered":"Crystal Palace droht Europa-League-Ausschluss"},"content":{"rendered":"\n<p>Muss Crystal Palace kommende Saison in der <a class=\"superTag\" target=\"_self\" href=\"https:\/\/www.laola1.at\/de\/daten\/news\/fussball\/uefa-europa-league\/\" rel=\"noopener\">UEFA Europa League<\/a> zusehen?<\/p>\n<p>Die &#8222;Eagles&#8220; haben sich nach dem sensationellen Triumph im FA-Cup-Finale \u00fcber Manchester City (<a href=\"https:\/\/www.laola1.at\/de\/red\/fussball\/international\/england\/fa-cup\/historisch--glasner-feiert-fa-cup-titel\/\" target=\"_blank\" rel=\"noopener\">Alle Infos&gt;&gt;&gt;<\/a>) erstmals f\u00fcr einen europ\u00e4ischen Wettbewerb qualifiziert. Dieser Traum k\u00f6nnte nun allerdings platzen.<\/p>\n<p>Wie die &#8222;Daily Mail&#8220; berichtet, droht den Londonern der Ausschluss aus dem zweith\u00f6chsten europ\u00e4ischen Fu\u00dfball-Wettbewerb: Grund daf\u00fcr ist Miteigent\u00fcmer John Textor.<\/p>\n<p>Der US-Investor ist Vorstandsvorsitzender der &#8222;Eagle Football Holding&#8220; und h\u00e4lt neben rund 43 Prozent beim Premier-League-Klub unter anderem auch Mehrheitsanteile an Olympique <a class=\"tag\" data-count=\"34\" target=\"_self\" href=\"https:\/\/www.laola1.at\/de\/daten\/news\/lyon\/\" rel=\"noopener\">Lyon<\/a>. Laut <a class=\"tag\" data-count=\"951\" target=\"_self\" href=\"https:\/\/www.laola1.at\/de\/daten\/news\/uefa\/\" rel=\"noopener\">UEFA<\/a>-Regularien d\u00fcrfen mehrere Klubs, die simultan an europ\u00e4ischen Wettbewerben teilnehmen, nicht unter dem Einfluss eines Investors stehen.<\/p>\n<p> Keine Probleme bei Red Bull und City Football Group <\/p>\n<p>&#8222;Ganz Gro\u00dfbritannien wei\u00df, dass ich keinen entscheidenden Einfluss auf Palace habe&#8220;, sagt Textor. Er versuche nun, seine Anteile zu verkaufen, um dem Klub die Teilnahme am europ\u00e4ischen Wettbewerb zu erm\u00f6glichen.<\/p>\n<p>Allerdings hat die UEFA in diesen Angelegenheiten auch schon \u00f6fters weggesehen: Red Bull Salzburg und RB Leipzig d\u00fcrfen allj\u00e4hrlich trotz desselben Eigent\u00fcmers teilnehmen, auch die Teilnahmen Gironas und von <a class=\"superTag\" target=\"_self\" href=\"https:\/\/www.laola1.at\/de\/daten\/news\/fussball\/manchester-city\/\" rel=\"noopener\">Manchester City<\/a>, die beide zur City Football Group geh\u00f6ren, ist heuer kein Problem gewesen.<\/p>\n<p>In diesen F\u00e4llen hat der Investor jedoch nicht die volle Kontrolle \u00fcber beide Vereine.<\/p>\n<p>Eine L\u00f6sung soll nun bis 17. Juni stehen. Sollten die &#8222;Eagles&#8220; nicht an einem UEFA-Wettbewerb teilnehmen d\u00fcrfen, k\u00f6nnte Nottingham Forest den Platz in der <a class=\"tag\" data-count=\"28\" target=\"_self\" href=\"https:\/\/www.laola1.at\/de\/daten\/news\/europa\/\" rel=\"noopener\">Europa<\/a> League erben, Brighton w\u00fcrde dann in der Conference League teilnehmen.<\/p>\n<p>Wie findest du diesen Artikel?<\/p>\n","protected":false},"excerpt":{"rendered":"Muss Crystal Palace kommende Saison in der UEFA Europa League zusehen? Die &#8222;Eagles&#8220; haben sich nach dem sensationellen&hellip;\n","protected":false},"author":2,"featured_media":163236,"comment_status":"","ping_status":"","sticky":false,"template":"","format":"standard","meta":{"footnotes":""},"categories":[3933],"tags":[331,332,26429,548,663,158,3934,3935,1408,347,13,14,15,13644,4444,957,12,13290],"class_list":{"0":"post-163235","1":"post","2":"type-post","3":"status-publish","4":"format-standard","5":"has-post-thumbnail","7":"category-eu","8":"tag-aktuelle-nachrichten","9":"tag-aktuelle-news","10":"tag-crystal-palace","11":"tag-eu","12":"tag-europa","13":"tag-europaeische-union","14":"tag-europe","15":"tag-european-union","16":"tag-fa-cup","17":"tag-fussball","18":"tag-headlines","19":"tag-nachrichten","20":"tag-news","21":"tag-oliver-glasner","22":"tag-olympique-lyon","23":"tag-premier-league","24":"tag-schlagzeilen","25":"tag-uefa-europa-league"},"share_on_mastodon":{"url":"https:\/\/pubeurope.com\/@de\/114622330570122279","error":""},"_links":{"self":[{"href":"https:\/\/www.europesays.com\/de\/wp-json\/wp\/v2\/posts\/163235","targetHints":{"allow":["GET"]}}],"collection":[{"href":"https:\/\/www.europesays.com\/de\/wp-json\/wp\/v2\/posts"}],"about":[{"href":"https:\/\/www.europesays.com\/de\/wp-json\/wp\/v2\/types\/post"}],"author":[{"embeddable":true,"href":"https:\/\/www.europesays.com\/de\/wp-json\/wp\/v2\/users\/2"}],"replies":[{"embeddable":true,"href":"https:\/\/www.europesays.com\/de\/wp-json\/wp\/v2\/comments?post=163235"}],"version-history":[{"count":0,"href":"https:\/\/www.europesays.com\/de\/wp-json\/wp\/v2\/posts\/163235\/revisions"}],"wp:featuredmedia":[{"embeddable":true,"href":"https:\/\/www.europesays.com\/de\/wp-json\/wp\/v2\/media\/163236"}],"wp:attachment":[{"href":"https:\/\/www.europesays.com\/de\/wp-json\/wp\/v2\/media?parent=163235"}],"wp:term":[{"taxonomy":"category","embeddable":true,"href":"https:\/\/www.europesays.com\/de\/wp-json\/wp\/v2\/categories?post=163235"},{"taxonomy":"post_tag","embeddable":true,"href":"https:\/\/www.europesays.com\/de\/wp-json\/wp\/v2\/tags?post=163235"}],"curies":[{"name":"wp","href":"https:\/\/api.w.org\/{rel}","templated":true}]}}