{"id":163241,"date":"2025-06-04T00:47:14","date_gmt":"2025-06-04T00:47:14","guid":{"rendered":"https:\/\/www.europesays.com\/de\/163241\/"},"modified":"2025-06-04T00:47:14","modified_gmt":"2025-06-04T00:47:14","slug":"spanien-in-der-nations-league-der-buhmann-und-der-partyschreck","status":"publish","type":"post","link":"https:\/\/www.europesays.com\/de\/163241\/","title":{"rendered":"Spanien in der Nations League: Der Buhmann und der Partyschreck"},"content":{"rendered":"<p class=\"metatextline\">Stand: 03.06.2025 23:42 Uhr<\/p>\n<p class=\"textabsatz columns twelve  m-ten  m-offset-one l-eight l-offset-two\">\n        <strong>Der eine wurde zum Buhmann, der andere verdarb Deutschland tats\u00e4chlich die Party. Marc Cucurella und Mikel Merino kehren f\u00fcr die Nations League mit Spanien nach Stuttgart zur\u00fcck.<\/strong>\n    <\/p>\n<p class=\"textabsatz m-ten m-offset-one l-eight l-offset-two columns twelve\">\n&#8222;Ich habe nichts B\u00f6ses gemacht.&#8220; Das hat Marc Cucurella gesagt, und es f\u00e4llt schwer, Argumente dagegen zu finden.<\/p>\n<p class=\"textabsatz m-ten m-offset-one l-eight l-offset-two columns twelve\">\nEs wurde allerdings etwas mit Cucurella gemacht an jenem 5. Juli 2024 in Stuttgart. Cucurella wurde an der Hand getroffen von einem strammen Schuss von Jamal Musiala. Die Frage war, ob es einen Elfmeter h\u00e4tte geben m\u00fcssen, weil die Hand doch ein St\u00fcck weit vom K\u00f6rper war.<\/p>\n<ul class=\"buttongroup buttongroup--copytext\">\n<li class=\"buttongroup__item\">\n<p>    <a class=\"btn btn--text btn--standard-secondary btn--fullwidth\" href=\"https:\/\/www.sportschau.de\/live-und-ergebnisse\/fussball\/uefa-nations-league-a\/ma10095434\/spanien_frankreich\/liveticker\" rel=\"nofollow noopener\" target=\"_blank\"><br \/>\n        Liveticker Spanien &#8211; Frankreich<br \/>\n        Pfeil rechts<\/p>\n<p>    <\/a>\n<\/li>\n<\/ul>\n<p class=\"textabsatz m-ten m-offset-one l-eight l-offset-two columns twelve\">\nEs gab keinen Elfmeter, aber merkw\u00fcrdige Reaktionen der deutschen Fu\u00dfballfans. Sie luden ihren Zorn bei Cucurella statt beim Schiedsrichter Anthony Taylor, dessen Videoassistenten und vielleicht sogar der UEFA ab, <a href=\"https:\/\/www.sportschau.de\/fussball\/uefa-euro-2024\/warum-es-keinen-handelfmeter-fuer-deutschland-gab,handspiel-114.html\" title=\"Warum es keinen Handelfmeter f\u00fcr Deutschland gab\" rel=\"nofollow noopener\" target=\"_blank\">die im Nachlauf des Spiels sagte, es sei Richtlinie gewesen, solche Handspiele nicht als strafbar zu werten<\/a>.<\/p>\n<p>    Deutschland verliert ungl\u00fccklich gegen Spanien<\/p>\n<p class=\"textabsatz m-ten m-offset-one l-eight l-offset-two columns twelve\">\nInzwischen ist es nahezu Konsens &#8211; selbst Cucurella gab es mit ein bisschen Versp\u00e4tung zu -, dass die Entscheidung auf einen Elfmeter die deutlich bessere gewesen w\u00e4re.<\/p>\n<p class=\"absatzbild__info__text\">\n                        Die Hand des Ansto\u00dfes: Marc Cucurella im EM-Spiel gegen Deutschland\n                    <\/p>\n<p class=\"textabsatz m-ten m-offset-one l-eight l-offset-two columns twelve\">\nAber Taylor versagte Deutschland die M\u00f6glichkeit, durch einen Strafsto\u00df in der 106. Minute in F\u00fchrung zu gehen. Es sah dann noch l\u00e4ngere Zeit so aus, als w\u00fcrde es viele Elfmeter geben, um einen Halbfinalisten der Europameisterschaft zu ermitteln. Aber eine Minute vor dem Ende k\u00f6pfte Mikel Merino das 2:1. Spanien jubelte, Deutschland war drau\u00dfen.<\/p>\n<p>    &#8222;Man wird mich nochmal auspfeifen&#8220;<\/p>\n<p class=\"textabsatz m-ten m-offset-one l-eight l-offset-two columns twelve\">\nGenau elf Monate sp\u00e4ter kommen Cucurella und Merino wieder mit der spanischen Nationalmannschaft nach Stuttgart. Dieses Mal geht es schon um den Einzug ins Finale. Frankreich ist der Gegner im Halbfinale der Nations League. Das Spiel, eine Neuauflage des EM-Halbfinals von 2024, wird am Donnerstag (05.06.2025) live im Ersten und im Livestream zu sehen sein. Ansto\u00df ist um 21 Uhr.<\/p>\n<p class=\"textabsatz m-ten m-offset-one l-eight l-offset-two columns twelve\">&#8222;Ich bin vorbereitet. Ich glaube, man wird mich noch einmal auspfeifen&#8220;, sagte Cucurella vor der R\u00fcckkehr nach Stuttgart. Er kann seiner Rolle als Buhmann aber auch etwas Gutes abgewinnen: &#8222;Dass sich der Fokus nun auf mich richtet, kann meinen Kameraden helfen und f\u00fcr sie befreiend wirken.&#8220;<\/p>\n<p>    <a href=\"https:\/\/www.sportschau.de\/fussball\/nationsleague\/spanien-gegen-frankreich-am-5-juni-ab-2059-uhr,audiostream-nl-halbfinale-spanien-frankreich-100.html\" rel=\"nofollow noopener\" target=\"_blank\"><\/p>\n<p>Sportschau, 05.06.2025 20:44 Uhr<\/p>\n<p>    <\/a><\/p>\n<p class=\"textabsatz m-ten m-offset-one l-eight l-offset-two columns twelve\">\nDerjenige, der Deutschland ganz bewusst und mit Freude Schaden zuf\u00fcgte, spielte mal in der Bundesliga. Aber Spuren hinterlie\u00df der heute 28 Jahre alte Merino kaum. Er war gerade 20 geworden, als er 2016 von CA Osasuna zu Borussia Dortmund wechselte.<\/p>\n<p>    Nur wenig Eins\u00e4tze bei Borussia Dortmund<\/p>\n<p class=\"textabsatz m-ten m-offset-one l-eight l-offset-two columns twelve\">\nUnter Trainer Thomas Tuchel kam er in der Bundesliga nur zu acht Eins\u00e4tzen, meistens kurzen. Immerhin gewann er den DFB-Pokal, aber im Finale gegen Eintracht Frankfurt geh\u00f6rte er nicht zum Kader, im Halbfinale beim FC Bayern sa\u00df er nur auf der Bank. Im Viertelfinale, da wechselte Tuchel ihn ein, f\u00fcr knapp 20 Minuten gegen die Amateure der Sportfreunde Lotte.<\/p>\n<p class=\"textabsatz--contains-image  m-six l-five textabsatz columns twelve\">\nDass Merino ein feiner Fu\u00dfballer ist, war damals zu erahnen. Aber dass er auch die H\u00e4rte hat, mal ein Faktor bei einem Spitzenklub der Premier League zu werden, d\u00fcrfte schon so manche \u00fcberrascht haben, die seine ersten Jahre im Seniorenbereich verfolgten.<\/p>\n<p class=\"absatzbild__info__text\">\n                        Mikel Merino im Dortmunder Trainingslager im Sommer 2016\n                    <\/p>\n<p>    Wechsel in die Premier League<\/p>\n<p class=\"textabsatz m-ten m-offset-one l-eight l-offset-two columns twelve\">\nDer erste Aufenthalt in England war zu Beginn recht vielversprechend. Bei Newcastle United kam er h\u00e4ufiger und sogar nacheinander zu Spielen \u00fcber 90 Minuten. Aber gegen Ende der Saison 2017\/18 wurde es dann wieder weniger. Merino zog es zur\u00fcck in die Heimat zu Real Sociedad nach San Sebastian.<\/p>\n<p class=\"textabsatz m-ten m-offset-one l-eight l-offset-two columns twelve\">\nDort wurde er zur festen Gr\u00f6\u00dfe mit 190 Spielen in der Primera Division in sechs Jahren. Die Berufung in die spanische A-Nationalmannschaft war folgerichtig. Sein Deb\u00fct feierte er im September 2020, in der Nations League gegen Deutschland &#8211; in Stuttgart. Es war eine triste Premiere, denn wegen der Pandemie waren keine Zuschauer erlaubt.<\/p>\n<p>    Deb\u00fct in Stuttgart, Tor in Stuttgart<\/p>\n<p class=\"textabsatz--contains-image  m-six l-five textabsatz columns twelve\">\nIm Sommer 2024 war vieles anders. Das Stadion war voll, die deutschen Fans hatten ihre Nationalmannschaft wieder lieb. Merino verdarb ihnen den Abend, feierte ein paar Tage sp\u00e4ter in Berlin den Gewinn des EM-Titels, und nahm damit sehr selbstbewusst seine Arbeit beim FC Arsenal auf.<\/p>\n<p class=\"absatzbild__info__text\">\n                        Mikel Merino k\u00f6pft den Ball in der 119. Minute ins Tor und wirft damit Deutschland im EM-Viertelfinale aus dem Turnier\n                    <\/p>\n<p class=\"textabsatz m-ten m-offset-one l-eight l-offset-two columns twelve\">\nEs wurde eine starke Saison von ihm. Viele Eins\u00e4tze in der Premier League, sieben Tore: Merino musste deutlich offensiver spielen als in der Jahren zuvor, denn Arsenal mit dem spanischen Trainer Mikel Arteta hatte viele Verletzte, darunter auch den deutschen Nationalspieler Kai Havertz, f\u00fcr den Merino als &#8222;falsche Neun&#8220; entsprang.<\/p>\n<p class=\"textabsatz m-ten m-offset-one l-eight l-offset-two columns twelve\">\nIn der Nationalmannschaft ist er eine bis zwei Linien dahinter gefordert. Spanien muss weiterhin auf Rodri verzichten, der sich im September 2024 das Kreuzband riss. Bei allem Talent und aller Kunst von Lamine Yamal und Nico Williams auf den Fl\u00fcgeln gilt Rodri als Herz der Nationalmannschaft. Merino \u00fcbernimmt ab und an seine Aufgaben, meistens ist jedoch Martin Zubimendi von Real Sociedad im zentralen Mittelfeld f\u00fcr Ordnung und Struktur zust\u00e4ndig.<\/p>\n<p>    Starke Saison von Merino mit Arsenal<\/p>\n<p class=\"textabsatz m-ten m-offset-one l-eight l-offset-two columns twelve\">\nM\u00f6glicherweise spielen Zubimendi und Merino in der kommenden Saison auch im Klub zusammen. Arsenal gilt als sehr interessiert.<\/p>\n<p class=\"textabsatz m-ten m-offset-one l-eight l-offset-two columns twelve\">\nDer Klub aus dem Norden Londons giert nach einem ganz gro\u00dfen Titel. Letztmals Meister wurde er 2004, die Champions League gewann er noch nie.<\/p>\n<p class=\"textabsatz--contains-image  m-six l-five textabsatz columns twelve\">\nIn der abgelaufenen Saison war er dem Ziel recht nah, dabei half auch Merino. Der Spanier stand sowohl im Viertelfinale gegen Real Madrid als auch im Halbfinale gegen Paris Saint-Germain jeweils beide Spiele \u00fcber 90 Minuten auf dem Platz, bei der 3:0-Gala im Hinspiel gegen Real schoss er sogar ein Tor.<\/p>\n<p class=\"absatzbild__info__text\">\n                        Mikel Merino bejubelt sein Trauntor zum 3:0 im Champions-League-Viertelfinale gegen Real Madrid\n                    <\/p>\n<p class=\"textabsatz m-ten m-offset-one l-eight l-offset-two columns twelve\">\nZum Titel reichte es allerdings nicht, weder in der Champions League, noch in der Premiere League, in der zu viele Unentschieden den R\u00fcckstand auf den FC Liverpool zu gro\u00df werden lie\u00dfen, um es spannend zu machen.<\/p>\n<p>    Cucurella gewinnt Conference League mit Chelsea<\/p>\n<p class=\"textabsatz m-ten m-offset-one l-eight l-offset-two columns twelve\">\nEs gab eine kurze Phase in der Saison, da galt auch der FC Chelsea als ein Anw\u00e4rter auf die Meisterschaft. Letztlich waren die &#8222;Blues&#8220; heilfroh, sich f\u00fcr die Champions League qualifiziert zu haben.<\/p>\n<p class=\"textabsatz--contains-image  m-six l-five textabsatz columns twelve\">\nEinen Titel gab es sogar auch noch. Chelsea gewann die Conference League durch ein 4:1 im Finale gegen Betis Sevilla.<\/p>\n<p class=\"absatzbild__info__text\">\n                        Cucurella (l.) bei den Feierlichkeiten nach Chelseas Final-Sieg in der Conference League\n                    <\/p>\n<p>    Extrem wichtiges Tor gegen ManUnited<\/p>\n<p class=\"textabsatz m-ten m-offset-one l-eight l-offset-two columns twelve\">Cucurella war in neun Spielen dabei und erzielte zwei Treffer. Das ist eine ordentliche Quote f\u00fcr einen Linksverteidiger, genau wie die f\u00fcnf Tore in 36 Saisonspielen der Premier League.<\/p>\n<p class=\"textabsatz m-ten m-offset-one l-eight l-offset-two columns twelve\">\nAm vorletzten Spieltag k\u00f6pfte der Spanier das einzige Tor beim extrem wichtigen Sieg gegen Manchester United.<\/p>\n<p class=\"textabsatz m-ten m-offset-one l-eight l-offset-two columns twelve\">\nEs l\u00e4uft f\u00fcr Marc Cucurella, da d\u00fcrften ihm auch die erwarteten Pfiffe wenig ausmachen. \u00dcber die EM 2024 sagte er: &#8222;Letztendlich sind die Erinnerungen alle sch\u00f6n. Wir haben ja den Titel geholt.&#8220;<\/p>\n","protected":false},"excerpt":{"rendered":"Stand: 03.06.2025 23:42 Uhr Der eine wurde zum Buhmann, der andere verdarb Deutschland tats\u00e4chlich die Party. Marc Cucurella&hellip;\n","protected":false},"author":2,"featured_media":163242,"comment_status":"","ping_status":"","sticky":false,"template":"","format":"standard","meta":{"footnotes":""},"categories":[2],"tags":[331,3924,332,3922,3364,29,347,30,13,14,3923,10260,15,3921,12],"class_list":{"0":"post-163241","1":"post","2":"type-post","3":"status-publish","4":"format-standard","5":"has-post-thumbnail","7":"category-deutschland","8":"tag-aktuelle-nachrichten","9":"tag-aktuelle-nachrichten-aus-deutschland","10":"tag-aktuelle-news","11":"tag-aktuelle-news-aus-deutschland","12":"tag-de","13":"tag-deutschland","14":"tag-fussball","15":"tag-germany","16":"tag-headlines","17":"tag-nachrichten","18":"tag-nachrichten-aus-deutschland","19":"tag-nations-league","20":"tag-news","21":"tag-news-aus-deutschland","22":"tag-schlagzeilen"},"share_on_mastodon":{"url":"https:\/\/pubeurope.com\/@de\/114622342280695731","error":""},"_links":{"self":[{"href":"https:\/\/www.europesays.com\/de\/wp-json\/wp\/v2\/posts\/163241","targetHints":{"allow":["GET"]}}],"collection":[{"href":"https:\/\/www.europesays.com\/de\/wp-json\/wp\/v2\/posts"}],"about":[{"href":"https:\/\/www.europesays.com\/de\/wp-json\/wp\/v2\/types\/post"}],"author":[{"embeddable":true,"href":"https:\/\/www.europesays.com\/de\/wp-json\/wp\/v2\/users\/2"}],"replies":[{"embeddable":true,"href":"https:\/\/www.europesays.com\/de\/wp-json\/wp\/v2\/comments?post=163241"}],"version-history":[{"count":0,"href":"https:\/\/www.europesays.com\/de\/wp-json\/wp\/v2\/posts\/163241\/revisions"}],"wp:featuredmedia":[{"embeddable":true,"href":"https:\/\/www.europesays.com\/de\/wp-json\/wp\/v2\/media\/163242"}],"wp:attachment":[{"href":"https:\/\/www.europesays.com\/de\/wp-json\/wp\/v2\/media?parent=163241"}],"wp:term":[{"taxonomy":"category","embeddable":true,"href":"https:\/\/www.europesays.com\/de\/wp-json\/wp\/v2\/categories?post=163241"},{"taxonomy":"post_tag","embeddable":true,"href":"https:\/\/www.europesays.com\/de\/wp-json\/wp\/v2\/tags?post=163241"}],"curies":[{"name":"wp","href":"https:\/\/api.w.org\/{rel}","templated":true}]}}