{"id":163278,"date":"2025-06-04T01:08:20","date_gmt":"2025-06-04T01:08:20","guid":{"rendered":"https:\/\/www.europesays.com\/de\/163278\/"},"modified":"2025-06-04T01:08:20","modified_gmt":"2025-06-04T01:08:20","slug":"fuenfte-buergermeisterstelle-nach-heftigem-widerstand-esslingen-stoppt-buergermeister-plaene-esslingen","status":"publish","type":"post","link":"https:\/\/www.europesays.com\/de\/163278\/","title":{"rendered":"F\u00fcnfte B\u00fcrgermeisterstelle: Nach heftigem Widerstand: Esslingen stoppt B\u00fcrgermeister-Pl\u00e4ne &#8211; Esslingen"},"content":{"rendered":"<p>\t\t\t\t\t\t\t\t\t\t\t\t\t\t\t\t\t\t\t\t\t\t\t\t\t\t\t\t\t\t\t\t\t\t\t\t   \t\t\t\t\t \t\t\t\t   \t      \t\t\t\t   <img decoding=\"async\" id=\"article-image\" fetchpriority=\"high\" alt=\"F\u00fcnfte B\u00fcrgermeisterstelle: Nach heftigem Widerstand: Esslingen stoppt B\u00fcrgermeister-Pl\u00e4ne\" title=\"F\u00fcnfte B\u00fcrgermeisterstelle: Nach heftigem Widerstand: Esslingen stoppt B\u00fcrgermeister-Pl\u00e4ne\" src=\"https:\/\/www.europesays.com\/de\/wp-content\/uploads\/2025\/06\/media.media.ade5a62d-bb2e-4e1d-ba28-b130f58271b9.original700.jpg\" data-linkto=\"https:\/\/www.esslinger-zeitung.de\/javascript:void(0);\"\/>\t\t\t\t\t\t\t\t\t\t\t\t\t\t\t\t\t\t\t\t\t\t\t\tDie B\u00fcrgermeisterriege in Esslingen sollte vergr\u00f6\u00dfert und damit auch verteuert werden. Oberb\u00fcrgermeister Matthias Klopfer \u2013 hier auf einem Archivbild auf dem Rathausbalkon \u2013 stoppte das Projekt, weil die Unterst\u00fctzung im Gemeinderat zusammenbrach.\u00a0Foto: Roberto Bulgrin\t\t\t<\/p>\n<p>Esslingen plante eine f\u00fcnfte B\u00fcrgermeisterstelle und damit eine F\u00fchrungsspitze, die f\u00fcr St\u00e4dte dieser Gr\u00f6\u00dfenordnung in Deutschland ihresgleichen sucht. Der Plan scheiterte. Die Gr\u00fcnde.<\/p>\n<p> Die Idee, in <a href=\"https:\/\/www.esslinger-zeitung.de\/thema\/Esslingen\" title=\"Esslingen\" class=\"art_thema\" target=\"_blank\" rel=\"noopener\">Esslingen<\/a> eine weitere B\u00fcrgermeisterstelle mit einem dazugeh\u00f6rigen Dezernat zu schaffen, ist Vergangenheit: Nachdem eine relativ breite Mehrheit daf\u00fcr br\u00f6ckelte, wurde der Plan am Montagnachmittag wohl beerdigt. Klopfer habe die \u201eweiteren Beratungen zur neuen Dezernatsstruktur gestoppt\u201c, hie\u00df es am Dienstag im\u00a0Rathaus. \u201eVon Beginn an war klar, dass der Vorschlag f\u00fcr ein f\u00fcnftes Dezernat nur dann erfolgreich sein kann, wenn alle vier gro\u00dfen Fraktionen geschlossen hinter ihm stehen\u201c, sagte Oberb\u00fcrgermeister <a href=\"https:\/\/www.esslinger-zeitung.de\/thema\/Matthias_Klopfer\" title=\"Matthias Klopfer\" class=\"art_thema\" target=\"_blank\" rel=\"noopener\">Matthias Klopfer<\/a>. Dies ist nun offenbar nicht mehr der Fall. <\/p>\n<p>                                                            Weiterlesen mit <img decoding=\"async\" src=\"https:\/\/www.europesays.com\/de\/wp-content\/uploads\/2025\/04\/plus-icon.svg.svg+xml\"\/>                        \t\t<\/p>\n<p class=\"title\">Unsere Abo-Empfehlungen<\/p>\n<p>        \t\tVon hier, f\u00fcr die Region,<br \/>\u00fcber die Welt.        \t\t        \t\t \t\t\t\t                                   \t\t<\/p>\n<p>* anschlie\u00dfend 9,99 \u20ac mtl.<\/p>\n<ul>\n<li>Zugriff auf alle Inhalte der EZ im Web<\/li>\n<li>Unkompliziert k\u00fcndbar<\/li>\n<\/ul>\n<p>* anschlie\u00dfend 9,99 \u20ac mtl.<\/p>\n<p>               Bereits Abonnent? Anmelden            <\/p>\n","protected":false},"excerpt":{"rendered":"Die B\u00fcrgermeisterriege in Esslingen sollte vergr\u00f6\u00dfert und damit auch verteuert werden. Oberb\u00fcrgermeister Matthias Klopfer \u2013 hier auf einem&hellip;\n","protected":false},"author":2,"featured_media":163279,"comment_status":"","ping_status":"","sticky":false,"template":"","format":"standard","meta":{"footnotes":""},"categories":[1830],"tags":[1634,8389,56842,56845,3364,29,56843,3439,30,13305,12488,1441,17980,56844,13467],"class_list":{"0":"post-163278","1":"post","2":"type-post","3":"status-publish","4":"format-standard","5":"has-post-thumbnail","7":"category-stuttgart","8":"tag-baden-wuerttemberg","9":"tag-buergermeister","10":"tag-buergermeisterstelle","11":"tag-cdu-esslingen","12":"tag-de","13":"tag-deutschland","14":"tag-dezernat","15":"tag-esslingen","16":"tag-germany","17":"tag-klinikum","18":"tag-matthias-klopfer","19":"tag-stuttgart","20":"tag-verkehrsbetrieb","21":"tag-verwaltungsspitze","22":"tag-widerstand"},"share_on_mastodon":{"url":"https:\/\/pubeurope.com\/@de\/114622424949212097","error":""},"_links":{"self":[{"href":"https:\/\/www.europesays.com\/de\/wp-json\/wp\/v2\/posts\/163278","targetHints":{"allow":["GET"]}}],"collection":[{"href":"https:\/\/www.europesays.com\/de\/wp-json\/wp\/v2\/posts"}],"about":[{"href":"https:\/\/www.europesays.com\/de\/wp-json\/wp\/v2\/types\/post"}],"author":[{"embeddable":true,"href":"https:\/\/www.europesays.com\/de\/wp-json\/wp\/v2\/users\/2"}],"replies":[{"embeddable":true,"href":"https:\/\/www.europesays.com\/de\/wp-json\/wp\/v2\/comments?post=163278"}],"version-history":[{"count":0,"href":"https:\/\/www.europesays.com\/de\/wp-json\/wp\/v2\/posts\/163278\/revisions"}],"wp:featuredmedia":[{"embeddable":true,"href":"https:\/\/www.europesays.com\/de\/wp-json\/wp\/v2\/media\/163279"}],"wp:attachment":[{"href":"https:\/\/www.europesays.com\/de\/wp-json\/wp\/v2\/media?parent=163278"}],"wp:term":[{"taxonomy":"category","embeddable":true,"href":"https:\/\/www.europesays.com\/de\/wp-json\/wp\/v2\/categories?post=163278"},{"taxonomy":"post_tag","embeddable":true,"href":"https:\/\/www.europesays.com\/de\/wp-json\/wp\/v2\/tags?post=163278"}],"curies":[{"name":"wp","href":"https:\/\/api.w.org\/{rel}","templated":true}]}}