{"id":163289,"date":"2025-06-04T01:14:13","date_gmt":"2025-06-04T01:14:13","guid":{"rendered":"https:\/\/www.europesays.com\/de\/163289\/"},"modified":"2025-06-04T01:14:13","modified_gmt":"2025-06-04T01:14:13","slug":"angeklagter-flieht-vor-urteil-fahndung","status":"publish","type":"post","link":"https:\/\/www.europesays.com\/de\/163289\/","title":{"rendered":"Angeklagter flieht vor Urteil \u2013 Fahndung"},"content":{"rendered":"<p>Wende bei Prozess <\/p>\n<p>Vergewaltiger flieht offenbar vor Urteilsverk\u00fcndung<\/p>\n<p>03.06.2025 &#8211; 23:27 UhrLesedauer: 1 Min.<\/p>\n<p><a href=\"#focus-0\" class=\"transition-colors duration-200 focus-within:text-magenta block text-current relative\" data-sctrack=\"FocusGalleryImage.Reference\"><img fetchpriority=\"high\" data-testid=\"Opener.Image\" style=\"--lqipURL:url('https:\/\/images.t-online.de\/2025\/06\/OxSEYr9bhJE1\/0x0:4000x2250\/fit-in\/150x0\/filters:blur(25)\/eingang-des-landgerichts-muenchens-symbolfoto-ein-verfahren-wegen-vergewaltigung-endete-hier-laut-einem-bericht-auf-eine-ungewoehnliche-weise.jpg')\"   loading=\"eager\" src=\"https:\/\/www.europesays.com\/de\/wp-content\/uploads\/2025\/06\/eingang-des-landgerichts-muenchens-symbolfoto-ein-verfahren-wegen-vergewaltigung-endete-hier-laut-ei.jpeg\" alt=\"Eingang des Landgerichts M\u00fcnchens (Symbolfoto): Ein Verfahren wegen Vergewaltigung endete hier laut einem Bericht auf eine ungew\u00f6hnliche Weise.\" title=\"Eingang des Landgerichts M\u00fcnchens (Symbolfoto): Ein Verfahren wegen Vergewaltigung endete hier laut einem Bericht auf eine ungew\u00f6hnliche Weise.\" width=\"4000\" height=\"2250\" class=\"bg-[url:var(--lqipURL)] bg-cover bg-center flex w-full max-w-full h-full\" decoding=\"async\"\/><img style=\"--width:32;--height:32\" loading=\"lazy\" src=\"https:\/\/www.europesays.com\/de\/wp-content\/uploads\/2025\/05\/zoom-in.f7dae02f.svg.svg+xml\" alt=\"Vergr\u00f6\u00dfern des Bildes\" title=\"Vergr\u00f6\u00dfern des Bildes\" class=\"&#10;        block&#10;        h-[calc(var(--height)_\/_16_*_1rem)]&#10;        w-[calc(var(--width)_\/_16_*_1rem)]&#10;        max-w-none&#10;        absolute bottom-8 right-8 rounded-4 bg-snow p-8\" decoding=\"async\"\/><\/a><\/p>\n<p>Eingang des Landgerichts M\u00fcnchens (Symbolfoto): Ein Verfahren wegen Vergewaltigung endete hier laut einem Bericht auf eine ungew\u00f6hnliche Weise. (Quelle: IMAGO\/Dirk Sattler\/imago)<\/p>\n<p class=\"font-bold text-18 leading-17\">Ein Mann sollte f\u00fcr die Vergewaltigung seines Tinder-Dates verurteilt werden. Doch als das M\u00fcnchner Landgericht das Urteil sprach, war der 33-J\u00e4hrige l\u00e4ngst verschwunden.<\/p>\n<p class=\"text-18 leading-17\">Ein Vergewaltigungsprozess hat laut einem Medienbericht am M\u00fcnchner Landgericht am Montag ein ungew\u00f6hnliches Ende genommen: Ein 33-j\u00e4hriger Mann wurde laut der &#8222;Tz&#8220; dort zu viereinhalb Jahren Haft verurteilt, weil er eine Frau nach einem Tinder-Date in Obergiesing vergewaltigt hatte.<\/p>\n<p class=\"text-18 leading-17\">Sein Urteil bekam der Verurteilte jedoch nicht mehr mit \u2013 er war wohl bereits geflohen. Offenbar fahndet die Polizei nun nach ihm. Verifizieren lie\u00df sich der Bericht der Zeitung am Dienstagabend zun\u00e4chst nicht. In einem Bericht der &#8222;Bild&#8220; \u00fcber den Beginn des Verfahrens gegen den Mann hatte es gehei\u00dfen, dass dieser dabei zu den Vorw\u00fcrfen gegen ihn geschwiegen habe.<\/p>\n<p class=\"text-18 leading-17\">Die \u00d6ffentlichkeit soll von dem Verfahrensauftakt weitgehend ausgeschlossen worden sein \u2013 wohl auch, weil die Videovernehmung seines mutma\u00dflichen Opfers vor Gericht gezeigt werden sollte. Laut Informationen der &#8222;Tz&#8220; hatte die Staatsanwaltschaft dann Mitte Mai einen Haftbefehl f\u00fcr den Angeklagten beantragt, der auf Antrag seiner Verteidiger jedoch au\u00dfer Vollzug gesetzt wurde.<\/p>\n<p class=\"text-18 leading-17\">Als Auflage soll dabei jedoch gegolten habe, dass sich der Angeklagte regelm\u00e4\u00dfig bei der Polizei meldete und seine Ausweispapiere dort auch hinterlegen w\u00fcrde. Diese Bedingungen nutzte der Mann offenbar zur Flucht. Der soll vor einigen Jahren bereits eine andere Frau missbraucht haben.<\/p>\n","protected":false},"excerpt":{"rendered":"Wende bei Prozess Vergewaltiger flieht offenbar vor Urteilsverk\u00fcndung 03.06.2025 &#8211; 23:27 UhrLesedauer: 1 Min. Eingang des Landgerichts M\u00fcnchens&hellip;\n","protected":false},"author":2,"featured_media":163290,"comment_status":"","ping_status":"","sticky":false,"template":"","format":"standard","meta":{"footnotes":""},"categories":[1827],"tags":[3176,772,29,30,4933,1268,55263,121,8110,18338,5778,1921],"class_list":{"0":"post-163289","1":"post","2":"type-post","3":"status-publish","4":"format-standard","5":"has-post-thumbnail","7":"category-muenchen","8":"tag-3176","9":"tag-bayern","10":"tag-deutschland","11":"tag-germany","12":"tag-landgericht","13":"tag-muenchen","14":"tag-obergiesing","15":"tag-polizei","16":"tag-symbolfoto","17":"tag-tinder","18":"tag-urteilsverkuendung","19":"tag-vergewaltigung"},"share_on_mastodon":{"url":"https:\/\/pubeurope.com\/@de\/114622448718324346","error":""},"_links":{"self":[{"href":"https:\/\/www.europesays.com\/de\/wp-json\/wp\/v2\/posts\/163289","targetHints":{"allow":["GET"]}}],"collection":[{"href":"https:\/\/www.europesays.com\/de\/wp-json\/wp\/v2\/posts"}],"about":[{"href":"https:\/\/www.europesays.com\/de\/wp-json\/wp\/v2\/types\/post"}],"author":[{"embeddable":true,"href":"https:\/\/www.europesays.com\/de\/wp-json\/wp\/v2\/users\/2"}],"replies":[{"embeddable":true,"href":"https:\/\/www.europesays.com\/de\/wp-json\/wp\/v2\/comments?post=163289"}],"version-history":[{"count":0,"href":"https:\/\/www.europesays.com\/de\/wp-json\/wp\/v2\/posts\/163289\/revisions"}],"wp:featuredmedia":[{"embeddable":true,"href":"https:\/\/www.europesays.com\/de\/wp-json\/wp\/v2\/media\/163290"}],"wp:attachment":[{"href":"https:\/\/www.europesays.com\/de\/wp-json\/wp\/v2\/media?parent=163289"}],"wp:term":[{"taxonomy":"category","embeddable":true,"href":"https:\/\/www.europesays.com\/de\/wp-json\/wp\/v2\/categories?post=163289"},{"taxonomy":"post_tag","embeddable":true,"href":"https:\/\/www.europesays.com\/de\/wp-json\/wp\/v2\/tags?post=163289"}],"curies":[{"name":"wp","href":"https:\/\/api.w.org\/{rel}","templated":true}]}}