{"id":163298,"date":"2025-06-04T01:19:23","date_gmt":"2025-06-04T01:19:23","guid":{"rendered":"https:\/\/www.europesays.com\/de\/163298\/"},"modified":"2025-06-04T01:19:23","modified_gmt":"2025-06-04T01:19:23","slug":"neue-entwaesserung-und-leitungswege-berliner-gendarmenmarkt-frisch-gepflastert-wiedereroeffnet","status":"publish","type":"post","link":"https:\/\/www.europesays.com\/de\/163298\/","title":{"rendered":"Neue Entw\u00e4sserung und Leitungswege: Berliner Gendarmenmarkt frisch gepflastert wiederer\u00f6ffnet"},"content":{"rendered":"<p>Der Deutsche Dom, der Franz\u00f6sische Dom und in der Mitte das Konzerthaus &#8211; 14.000 Quadratmeter frisches Pflaster umgeben die drei gro\u00dfen Geb\u00e4ude des Gendarmenmarkts. Nun wurde das Areal neuer\u00f6ffnet.<\/p>\n<p>Nach zweij\u00e4hriger Sanierung ist der Gendarmenmarkt in der historischen Mitte Berlins am Donnerstag wiederer\u00f6ffnet worden. Umfangreiche Sanierungen und Erneuerungen von Anlagen unterhalb des Platzes hatten die Bauarbeiten n\u00f6tig gemacht.<\/p>\n<p>Zu der Wiederer\u00f6ffnungszeremonie kamen der Regierende B\u00fcrgermeister von Berlin Kai Wegner (CDU), die Senatorin f\u00fcr Wirtschaft Franziska Giffey (SPD) sowie die Senatorin f\u00fcr Verkehr Ute Bonde (CDU) zusammen mit Christopher Schriner (Gr\u00fcne), dem Bezirksstadtrat von Berlin-Mitte. &#8222;Berlin hat sein sch\u00f6nstes Wohnzimmer zur\u00fcck&#8220;, erkl\u00e4rte Wegner in einer Mitteilung.<\/p>\n<p>Kurz anwesend waren auch Studierende der Berliner Hochschule f\u00fcr Musik Hanns Eisler, die <a href=\"https:\/\/www.rbb24.de\/politik\/beitrag\/2025\/02\/chialo-einsparung-kultur.html\" rel=\"nofollow noopener\" target=\"_blank\">wegen der Kultureinsparungen des Senats<\/a> bei der Wiederer\u00f6ffnung des Gendarmenmarkts protestierten.<\/p>\n<p>Die Bauarbeiten waren im Oktober 2022 gestartet. Ende 2024 waren dann die Hauptbauma\u00dfnahmen abgeschlossen worden und auf dem Areal wurde das Pflaster wieder hergerichtet. 14.000 Quadratmeter Pflaster seien unter Beibehaltung des vorhandenen Rasters denkmalgerecht erneuert worden, hie\u00df es in der Mitteilung der Berliner Umweltverwaltung dazu.<\/p>\n<p>Neben einem unterirdischen, rund f\u00fcnf Kilometer langen Leitungsnetz f\u00fcr Strom, Trink- und Abwasser wurde der historische Platz mit einem Regenwassermanagement ausgestattet. Regenwasser wird daf\u00fcr in unterirdischen technischen Anlagen vorgereinigt und gespeichert.<\/p>\n<p>Auch sei der Gendarmenmarkt nun komplett barrierefrei, teilte der Senat mit. Der Platz zwischen Deutschem Dom, Konzerthaus und Franz\u00f6sischem Dom ist ein prominenter Ort f\u00fcr Kulturveranstaltungen und gilt f\u00fcr Berliner und G\u00e4ste der Stadt als beliebtes Areal zum Flanieren. Im Sommer soll dort nach zweij\u00e4hriger Pause auch wieder das Classic Open Air stattfinden.<\/p>\n<p>Sendung: rbb24, 13.03.2025, 13 Uhr<\/p>\n","protected":false},"excerpt":{"rendered":"Der Deutsche Dom, der Franz\u00f6sische Dom und in der Mitte das Konzerthaus &#8211; 14.000 Quadratmeter frisches Pflaster umgeben&hellip;\n","protected":false},"author":2,"featured_media":163299,"comment_status":"","ping_status":"","sticky":false,"template":"","format":"standard","meta":{"footnotes":""},"categories":[1825],"tags":[1941,1939,296,1937,29,30,1940,1938],"class_list":{"0":"post-163298","1":"post","2":"type-post","3":"status-publish","4":"format-standard","5":"has-post-thumbnail","7":"category-berlin","8":"tag-aktuelle-nachrichten-aus-berlin","9":"tag-aktuelle-news-aus-berlin","10":"tag-berlin","11":"tag-berlin-news","12":"tag-deutschland","13":"tag-germany","14":"tag-nachrichten-aus-berlin","15":"tag-news-aus-berlin"},"share_on_mastodon":{"url":"https:\/\/pubeurope.com\/@de\/114622468376507584","error":""},"_links":{"self":[{"href":"https:\/\/www.europesays.com\/de\/wp-json\/wp\/v2\/posts\/163298","targetHints":{"allow":["GET"]}}],"collection":[{"href":"https:\/\/www.europesays.com\/de\/wp-json\/wp\/v2\/posts"}],"about":[{"href":"https:\/\/www.europesays.com\/de\/wp-json\/wp\/v2\/types\/post"}],"author":[{"embeddable":true,"href":"https:\/\/www.europesays.com\/de\/wp-json\/wp\/v2\/users\/2"}],"replies":[{"embeddable":true,"href":"https:\/\/www.europesays.com\/de\/wp-json\/wp\/v2\/comments?post=163298"}],"version-history":[{"count":0,"href":"https:\/\/www.europesays.com\/de\/wp-json\/wp\/v2\/posts\/163298\/revisions"}],"wp:featuredmedia":[{"embeddable":true,"href":"https:\/\/www.europesays.com\/de\/wp-json\/wp\/v2\/media\/163299"}],"wp:attachment":[{"href":"https:\/\/www.europesays.com\/de\/wp-json\/wp\/v2\/media?parent=163298"}],"wp:term":[{"taxonomy":"category","embeddable":true,"href":"https:\/\/www.europesays.com\/de\/wp-json\/wp\/v2\/categories?post=163298"},{"taxonomy":"post_tag","embeddable":true,"href":"https:\/\/www.europesays.com\/de\/wp-json\/wp\/v2\/tags?post=163298"}],"curies":[{"name":"wp","href":"https:\/\/api.w.org\/{rel}","templated":true}]}}