{"id":163332,"date":"2025-06-04T01:37:03","date_gmt":"2025-06-04T01:37:03","guid":{"rendered":"https:\/\/www.europesays.com\/de\/163332\/"},"modified":"2025-06-04T01:37:03","modified_gmt":"2025-06-04T01:37:03","slug":"annalena-baerbock-deutschland-bezahlt-ihr-gehalt-bei-den-un-so-viel-erhaelt-die-ex-ministerin","status":"publish","type":"post","link":"https:\/\/www.europesays.com\/de\/163332\/","title":{"rendered":"Annalena Baerbock: Deutschland bezahlt ihr Gehalt bei den UN \u2013 so viel erh\u00e4lt die Ex-Ministerin"},"content":{"rendered":"<p class=\"is-first-paragraph\" data-external=\"Article.FirstParagraph\">Das Gehalt der neuen Pr\u00e4sidentin der UN-Vollversammlung, Annalena Baerbock, wird nach Angaben aus dem Ausw\u00e4rtigen Amt aus dem Bundeshaushalt beglichen. Die fr\u00fchere Au\u00dfenministerin wird demnach in die Besoldungsgruppe B9 eingestuft, was der Leiterin oder dem Leiter einer gro\u00dfen deutschen Auslandsvertretung entspricht. In der Besoldungsordnung ist ein Bezug von monatlich gut 13.000 Euro vorgesehen.<\/p>\n<p>Wie es im Ausw\u00e4rtigen Amt am Dienstag hie\u00df, \u00fcbernimmt f\u00fcr den Posten jeweils das Heimatland die Kosten und nicht der UN-Haushalt. Daf\u00fcr habe das Au\u00dfenministerium mit Billigung des Bundeskabinetts einen Dienstvertrag mit Baerbock geschlossen. F\u00fcr sie gelten danach analog alle Regeln, die auch bei Entsendung von deutschen Diplomaten \u00fcblich sind. Dies betrifft etwa Gehalt oder Wohnung.<\/p>\n<p>Die 44-J\u00e4hrige wurde <a class=\"is-link c-block-items__link c-link--rich-text-renderer\" href=\"https:\/\/www.welt.de\/politik\/ausland\/article256200462\/annalena-baerbock-auf-antrag-russlands-ex-ministerin-muss-bei-un-wahl-in-geheime-abstimmung.html\" data-internal-tracking-enabled=\"true\" data-internal-tracking=\"{&quot;action&quot;:&quot;click&quot;,&quot;label&quot;:&quot;link&quot;,&quot;name&quot;:&quot;Inline Element&quot;,&quot;data&quot;:{&quot;source&quot;:&quot;&quot;,&quot;target&quot;:&quot;https:\/\/www.welt.de\/politik\/ausland\/article256200462\/annalena-baerbock-auf-antrag-russlands-ex-ministerin-muss-bei-un-wahl-in-geheime-abstimmung.html&quot;,&quot;trackingName&quot;:&quot;&quot;,&quot;trackingLabel&quot;:&quot;&quot;}}\" target=\"_blank\" rel=\"noopener\">am Montag zur neuen Pr\u00e4sidentin der UN-Generalversammlung gew\u00e4hlt<\/a>. Sie erhielt bei der Abstimmung in New York 167 Stimmen. Die Kandidatur der Gr\u00fcnen-Politikerin war in Deutschland auch auf scharfe Kritik gesto\u00dfen, weil f\u00fcr sie die eigentlich vorgesehene deutsche Top-Diplomatin Helga Schmid in letzter Minute Platz machen musste.<\/p>\n<p>Die Spitzenposition Baerbocks wird in erster Linie protokollarische Bedeutung beigemessen \u2013 sie ist nicht mit der Rolle von UN-Generalsekret\u00e4r Ant\u00f3nio Guterres zu verwechseln. Die Amtseinf\u00fchrung ist am 9. September, kurz vor der Generaldebatte der UN-Vollversammlung mit Staatsg\u00e4sten aus aller Welt.<\/p>\n","protected":false},"excerpt":{"rendered":"Das Gehalt der neuen Pr\u00e4sidentin der UN-Vollversammlung, Annalena Baerbock, wird nach Angaben aus dem Ausw\u00e4rtigen Amt aus dem&hellip;\n","protected":false},"author":2,"featured_media":163333,"comment_status":"","ping_status":"","sticky":false,"template":"","format":"standard","meta":{"footnotes":""},"categories":[5],"tags":[36722,4870,48611,13,14,15,110,12,10,8,9,11,12058],"class_list":{"0":"post-163332","1":"post","2":"type-post","3":"status-publish","4":"format-standard","5":"has-post-thumbnail","7":"category-nachrichten","8":"tag-annalena","9":"tag-baerbock","10":"tag-bundesregierung-ks","11":"tag-headlines","12":"tag-nachrichten","13":"tag-news","14":"tag-newsteam","15":"tag-schlagzeilen","16":"tag-top-news","17":"tag-top-meldungen","18":"tag-topmeldungen","19":"tag-topnews","20":"tag-united-nations-organization-uno"},"share_on_mastodon":{"url":"https:\/\/pubeurope.com\/@de\/114622539056760252","error":""},"_links":{"self":[{"href":"https:\/\/www.europesays.com\/de\/wp-json\/wp\/v2\/posts\/163332","targetHints":{"allow":["GET"]}}],"collection":[{"href":"https:\/\/www.europesays.com\/de\/wp-json\/wp\/v2\/posts"}],"about":[{"href":"https:\/\/www.europesays.com\/de\/wp-json\/wp\/v2\/types\/post"}],"author":[{"embeddable":true,"href":"https:\/\/www.europesays.com\/de\/wp-json\/wp\/v2\/users\/2"}],"replies":[{"embeddable":true,"href":"https:\/\/www.europesays.com\/de\/wp-json\/wp\/v2\/comments?post=163332"}],"version-history":[{"count":0,"href":"https:\/\/www.europesays.com\/de\/wp-json\/wp\/v2\/posts\/163332\/revisions"}],"wp:featuredmedia":[{"embeddable":true,"href":"https:\/\/www.europesays.com\/de\/wp-json\/wp\/v2\/media\/163333"}],"wp:attachment":[{"href":"https:\/\/www.europesays.com\/de\/wp-json\/wp\/v2\/media?parent=163332"}],"wp:term":[{"taxonomy":"category","embeddable":true,"href":"https:\/\/www.europesays.com\/de\/wp-json\/wp\/v2\/categories?post=163332"},{"taxonomy":"post_tag","embeddable":true,"href":"https:\/\/www.europesays.com\/de\/wp-json\/wp\/v2\/tags?post=163332"}],"curies":[{"name":"wp","href":"https:\/\/api.w.org\/{rel}","templated":true}]}}