{"id":163442,"date":"2025-06-04T02:39:09","date_gmt":"2025-06-04T02:39:09","guid":{"rendered":"https:\/\/www.europesays.com\/de\/163442\/"},"modified":"2025-06-04T02:39:09","modified_gmt":"2025-06-04T02:39:09","slug":"berliner-ermittler-suchten-nach-beute-aus-gruenem-gewoelbe-5","status":"publish","type":"post","link":"https:\/\/www.europesays.com\/de\/163442\/","title":{"rendered":"Berliner Ermittler suchten nach Beute aus Gr\u00fcnem Gew\u00f6lbe"},"content":{"rendered":"<p>Die Staatsanwaltschaft Berlin hat im Zuge anderweitiger Ermittlungen im September 2024 auf einem Grundst\u00fcck im brandenburgischen Blossin nach Beute aus dem Gr\u00fcnen Gew\u00f6lbe Dresden gesucht. Wie die \u00abNeue Osnabr\u00fccker Zeitung\u00bb (NOZ) weiter berichtet, handelte es sich um das Umfeld der als Clan-Aussteigerin bekannten Autorin mit dem Pseudonym Latife Arab. Sie habe demnach angegeben, von mehreren M\u00e4nnern in ein Auto gezerrt und misshandelt worden zu sein. Die Vermutung, dass sie Schmuck aus dem Museumseinbruch bei sich im Garten hatte, \u00e4u\u00dferten Zeugen. Die Suche danach war erfolglos.<\/p>\n<p>Der Einbruch in Sachsens ber\u00fchmtes Schatzkammermuseum am 25. November 2019 war einer der spektakul\u00e4rsten Kunstdiebst\u00e4hle Deutschlands. Die T\u00e4ter erbeuteten historische Schmuckst\u00fccke aus Diamanten und Brillanten und verursachten \u00fcber eine Million Euro Schaden. F\u00fcnf junge M\u00e4nner aus dem Berliner Remmo-Clan wurden 2023 zu mehrj\u00e4hrigen Freiheitsstrafen verurteilt. Im Zuge einer Verst\u00e4ndigung im Prozess gaben sie den Gro\u00dfteil der Beute zur\u00fcck &#8211; einige der pr\u00e4chtigsten St\u00fccke fehlen noch immer.<\/p>\n","protected":false},"excerpt":{"rendered":"Die Staatsanwaltschaft Berlin hat im Zuge anderweitiger Ermittlungen im September 2024 auf einem Grundst\u00fcck im brandenburgischen Blossin nach&hellip;\n","protected":false},"author":2,"featured_media":163443,"comment_status":"","ping_status":"","sticky":false,"template":"","format":"standard","meta":{"footnotes":""},"categories":[1825],"tags":[1941,1939,296,1937,1890,29,30,177,2147,1940,1938,56871,859],"class_list":{"0":"post-163442","1":"post","2":"type-post","3":"status-publish","4":"format-standard","5":"has-post-thumbnail","7":"category-berlin","8":"tag-aktuelle-nachrichten-aus-berlin","9":"tag-aktuelle-news-aus-berlin","10":"tag-berlin","11":"tag-berlin-news","12":"tag-brandenburg","13":"tag-deutschland","14":"tag-germany","15":"tag-kriminalitt","16":"tag-museen","17":"tag-nachrichten-aus-berlin","18":"tag-news-aus-berlin","19":"tag-osnabrck-dresden-berlin","20":"tag-sachsen"},"share_on_mastodon":{"url":"https:\/\/pubeurope.com\/@de\/114622783095104645","error":""},"_links":{"self":[{"href":"https:\/\/www.europesays.com\/de\/wp-json\/wp\/v2\/posts\/163442","targetHints":{"allow":["GET"]}}],"collection":[{"href":"https:\/\/www.europesays.com\/de\/wp-json\/wp\/v2\/posts"}],"about":[{"href":"https:\/\/www.europesays.com\/de\/wp-json\/wp\/v2\/types\/post"}],"author":[{"embeddable":true,"href":"https:\/\/www.europesays.com\/de\/wp-json\/wp\/v2\/users\/2"}],"replies":[{"embeddable":true,"href":"https:\/\/www.europesays.com\/de\/wp-json\/wp\/v2\/comments?post=163442"}],"version-history":[{"count":0,"href":"https:\/\/www.europesays.com\/de\/wp-json\/wp\/v2\/posts\/163442\/revisions"}],"wp:featuredmedia":[{"embeddable":true,"href":"https:\/\/www.europesays.com\/de\/wp-json\/wp\/v2\/media\/163443"}],"wp:attachment":[{"href":"https:\/\/www.europesays.com\/de\/wp-json\/wp\/v2\/media?parent=163442"}],"wp:term":[{"taxonomy":"category","embeddable":true,"href":"https:\/\/www.europesays.com\/de\/wp-json\/wp\/v2\/categories?post=163442"},{"taxonomy":"post_tag","embeddable":true,"href":"https:\/\/www.europesays.com\/de\/wp-json\/wp\/v2\/tags?post=163442"}],"curies":[{"name":"wp","href":"https:\/\/api.w.org\/{rel}","templated":true}]}}