{"id":163806,"date":"2025-06-04T06:01:11","date_gmt":"2025-06-04T06:01:11","guid":{"rendered":"https:\/\/www.europesays.com\/de\/163806\/"},"modified":"2025-06-04T06:01:11","modified_gmt":"2025-06-04T06:01:11","slug":"druck-von-usa-und-russland-nato-will-verteidigungsfaehigkeiten-extrem-ausbauen","status":"publish","type":"post","link":"https:\/\/www.europesays.com\/de\/163806\/","title":{"rendered":"Druck von USA und Russland: Nato will Verteidigungsf\u00e4higkeiten extrem ausbauen"},"content":{"rendered":"<p>Angesichts der anhaltenden Bedrohung durch <a href=\"https:\/\/www.stuttgarter-zeitung.de\/thema\/Russland\" title=\"Russland\" class=\"art_thema\" target=\"_blank\" rel=\"noopener\">Russland<\/a> will die <a href=\"https:\/\/www.stuttgarter-zeitung.de\/thema\/Nato\" title=\"Nato\" class=\"art_thema\" target=\"_blank\" rel=\"noopener\">Nato<\/a> ihre milit\u00e4rischen F\u00e4higkeiten zur Abschreckung und Verteidigung extrem ausbauen. Wie die Deutsche Presse-Agentur aus B\u00fcndniskreisen erfuhr, ist vorgesehen, die bisher g\u00fcltigen Zielvorgaben um etwa 30 Prozent zu erh\u00f6hen. So sollen k\u00fcnftig etwa deutlich mehr weitreichende Marschflugk\u00f6rper und Drohnen sowie Kapazit\u00e4ten in Bereichen wie Luftverteidigung und Artillerie vorgehalten werden.<\/p>\n<p>Um ein Erreichen der Vorgaben sicherzustellen, bekommen Deutschland und die anderen Mitgliedstaaten nun neue nationale Planungsziele zugewiesen. Sie sollen an diesem Donnerstag bei einem Verteidigungsministertreffen in Br\u00fcssel formell angenommen werden.<\/p>\n<p>Als besonders gro\u00dfe Herausforderung gelten die neuen Ziele, weil die bisher geltenden bei weitem noch nicht erreicht sind. Ranghohe Milit\u00e4rs hatten zuletzt von einer L\u00fccke von 30 Prozent gesprochen.<\/p>\n<p>Neue Planungsziele noch streng geheim <\/p>\n<p>Die konkreten neuen nationalen Planungsziele sind derzeit noch als streng geheim eingestuft. Es wird allerdings damit gerechnet, dass nach der Annahme der Vorgaben durch die Verteidigungsminister einige Details \u00f6ffentlich gemacht werden.<\/p>\n<p>F\u00fcr Deutschland gehen Milit\u00e4rs davon aus, dass die derzeit rund 182.000 Soldatinnen und Soldaten starke Bundeswehr um eine hohe f\u00fcnfstellige Zahl gr\u00f6\u00dfer werden muss, wenn die Bundesrepublik die ihr zugewiesenen Planungsziele erreichen will. Zudem werden demnach zum Beispiel erhebliche Investitionen in neue Luftverteidigungssysteme n\u00f6tig sein.<\/p>\n<p>Aus den aktuellen Defiziten und den neuen Planungszielen leitet sich auch die geplante neue Vorgabe f\u00fcr die Verteidigungsausgaben ab. So sollen sich alle Nato-Mitglieder beim Gipfeltreffen Ende des Monats verpflichten, k\u00fcnftig mindestens einen Betrag in H\u00f6he von 3,5 Prozent des nationalen Bruttoinlandsprodukts (BIP) in Verteidigung zu investieren. Hinzu k\u00f6nnten dann noch einmal 1,5 Prozent des BIP f\u00fcr verteidigungsrelevante Ausgaben &#8211; beispielsweise f\u00fcr Infrastruktur &#8211; kommen, so dass am Ende die von US-Pr\u00e4sident Donald Trump geforderte Quote von f\u00fcnf Prozent erreicht wird.<\/p>\n<p>Anteil der Verteidigungsausgaben soll um 0,2 Prozentpunkte steigen <\/p>\n<p>Nach Angaben von Bundesverteidigungsminister Boris Pistorius soll der Anteil der Verteidigungsausgaben an der deutschen Wirtschaftsleistung in einem Zeitraum von f\u00fcnf bis sieben Jahren um 0,2 Prozentpunkte pro Jahr steigen. Von den 2,1 Prozent im vergangenen Jahr gerechnet k\u00f6nnte dann bis 2032 eine Quote von 3,5 Prozent erreicht werden.<\/p>\n<p>Laut Kanzler Friedrich Merz w\u00fcrde jeder Prozentpunkt mehr f\u00fcr Deutschland derzeit ungef\u00e4hr ein Plus von 45 Milliarden Euro an Verteidigungsausgaben bedeuten. Bei insgesamt f\u00fcnf Prozent w\u00e4ren derzeit Ausgaben in H\u00f6he von 225 Milliarden Euro pro Jahr notwendig. Zur Einordnung: Die gesamten Ausgaben des Bundeshaushalts beliefen sich im vergangenen Jahr auf rund 466 Milliarden Euro.<\/p>\n<p>Hintergrund der Planungen ist die Einsch\u00e4tzung von Geheimdiensten, dass Russland trotz des noch laufenden Angriffskriegs gegen die Ukraine schon in wenigen Jahren bereit f\u00fcr weitere milit\u00e4rische Aggressionen in Europa sein k\u00f6nnte. Sowohl mit den neuen nationalen Planungszielen f\u00fcr die Verteidigungsf\u00e4higkeiten als auch mit der neuen Quote soll allerdings auch der US-Forderung nach einer ausgeglicheneren Lastenteilung innerhalb des B\u00fcndnisses Rechnung getragen werden. Im Gegensatz zu den meisten anderen B\u00fcndnisstaaten geben die Vereinigten Staaten bereits seit vielen Jahren stets deutlich mehr als drei Prozent ihrer Wirtschaftsleistung f\u00fcr Verteidigung aus.\u00a0<\/p>\n<p>Trump will nun, dass die Europ\u00e4er k\u00fcnftig deutlich mehr Verantwortung f\u00fcr die Sicherheit auf ihrem Kontinent \u00fcbernehmen. Im Idealfall sollen sie k\u00fcnftig alle konventionellen Verteidigungsf\u00e4higkeiten selbst stellen. Die <a href=\"https:\/\/www.stuttgarter-zeitung.de\/thema\/USA\" title=\"USA\" class=\"art_thema\" target=\"_blank\" rel=\"noopener\">USA<\/a> w\u00fcrden dann in Europa nur noch die nukleare Abschreckung garantieren m\u00fcssen. <\/p>\n","protected":false},"excerpt":{"rendered":"Angesichts der anhaltenden Bedrohung durch Russland will die Nato ihre milit\u00e4rischen F\u00e4higkeiten zur Abschreckung und Verteidigung extrem ausbauen.&hellip;\n","protected":false},"author":2,"featured_media":163807,"comment_status":"","ping_status":"","sticky":false,"template":"","format":"standard","meta":{"footnotes":""},"categories":[3977],"tags":[331,332,8684,13,14,1159,15,307,12,4017,4018,4016,64,4019,4020,56958],"class_list":{"0":"post-163806","1":"post","2":"type-post","3":"status-publish","4":"format-standard","5":"has-post-thumbnail","7":"category-usa","8":"tag-aktuelle-nachrichten","9":"tag-aktuelle-news","10":"tag-ausbau","11":"tag-headlines","12":"tag-nachrichten","13":"tag-nato","14":"tag-news","15":"tag-russland","16":"tag-schlagzeilen","17":"tag-united-states","18":"tag-united-states-of-america","19":"tag-us","20":"tag-usa","21":"tag-vereinigte-staaten","22":"tag-vereinigte-staaten-von-amerika","23":"tag-verteidigungsfaehigkeit"},"share_on_mastodon":{"url":"https:\/\/pubeurope.com\/@de\/114623577122526704","error":""},"_links":{"self":[{"href":"https:\/\/www.europesays.com\/de\/wp-json\/wp\/v2\/posts\/163806","targetHints":{"allow":["GET"]}}],"collection":[{"href":"https:\/\/www.europesays.com\/de\/wp-json\/wp\/v2\/posts"}],"about":[{"href":"https:\/\/www.europesays.com\/de\/wp-json\/wp\/v2\/types\/post"}],"author":[{"embeddable":true,"href":"https:\/\/www.europesays.com\/de\/wp-json\/wp\/v2\/users\/2"}],"replies":[{"embeddable":true,"href":"https:\/\/www.europesays.com\/de\/wp-json\/wp\/v2\/comments?post=163806"}],"version-history":[{"count":0,"href":"https:\/\/www.europesays.com\/de\/wp-json\/wp\/v2\/posts\/163806\/revisions"}],"wp:featuredmedia":[{"embeddable":true,"href":"https:\/\/www.europesays.com\/de\/wp-json\/wp\/v2\/media\/163807"}],"wp:attachment":[{"href":"https:\/\/www.europesays.com\/de\/wp-json\/wp\/v2\/media?parent=163806"}],"wp:term":[{"taxonomy":"category","embeddable":true,"href":"https:\/\/www.europesays.com\/de\/wp-json\/wp\/v2\/categories?post=163806"},{"taxonomy":"post_tag","embeddable":true,"href":"https:\/\/www.europesays.com\/de\/wp-json\/wp\/v2\/tags?post=163806"}],"curies":[{"name":"wp","href":"https:\/\/api.w.org\/{rel}","templated":true}]}}