{"id":163912,"date":"2025-06-04T07:00:12","date_gmt":"2025-06-04T07:00:12","guid":{"rendered":"https:\/\/www.europesays.com\/de\/163912\/"},"modified":"2025-06-04T07:00:12","modified_gmt":"2025-06-04T07:00:12","slug":"daniel-freund-kritisiert-viktor-orbans-pride-paraden-verbot-in","status":"publish","type":"post","link":"https:\/\/www.europesays.com\/de\/163912\/","title":{"rendered":"Daniel Freund kritisiert Viktor Orbans Pride Paraden-Verbot in"},"content":{"rendered":"<p>Neues Level an &#8222;Willk\u00fcr-Herrschaft&#8220; <\/p>\n<p>Daniel Freund kritisiert Viktor Obans Pride Paraden-Verbot<\/p>\n<p>04.06.2025 &#8211; 08:39 UhrLesedauer: 1 Min.<\/p>\n<p><a href=\"#focus-0\" class=\"transition-colors duration-200 focus-within:text-magenta block text-current relative\" data-sctrack=\"FocusGalleryImage.Reference\"><img fetchpriority=\"high\" data-testid=\"Opener.Image\" style=\"--lqipURL:url('https:\/\/images.t-online.de\/2025\/06\/kPaHwi14MGBe\/0x208:4000x2250\/fit-in\/150x0\/filters:blur(25)\/image.jpg')\"   loading=\"eager\" src=\"https:\/\/www.europesays.com\/de\/wp-content\/uploads\/2025\/06\/1749020410_722_image.jpg\" alt=\"imago images 126998306\" title=\"imago images 126998306\" width=\"4000\" height=\"2250\" class=\"bg-[url:var(--lqipURL)] bg-cover bg-center flex w-full max-w-full h-full\" decoding=\"async\"\/><img style=\"--width:32;--height:32\" loading=\"lazy\" src=\"https:\/\/www.europesays.com\/de\/wp-content\/uploads\/2025\/05\/zoom-in.f7dae02f.svg.svg+xml\" alt=\"Vergr\u00f6\u00dfern des Bildes\" title=\"Vergr\u00f6\u00dfern des Bildes\" class=\"&#10;        block&#10;        h-[calc(var(--height)_\/_16_*_1rem)]&#10;        w-[calc(var(--width)_\/_16_*_1rem)]&#10;        max-w-none&#10;        absolute bottom-8 right-8 rounded-4 bg-snow p-8\" decoding=\"async\"\/><\/a><\/p>\n<p>Viktor Orban auf einem deutschen Protest-Schild (Archivbild): Aus der ganzen EU gibt es Kritik an Victor Orban und dem Gesetz, das die Pride Parade in Ungarn verbieten soll. (Quelle: M\u00fcller-Stauffenberg via www.imago-images.de)<\/p>\n<p class=\"font-bold text-18 leading-17\">Ungarns Regierung verbietet die Pride Parade in Budapest. Aachener EU-Politiker fordert vehemente Ma\u00dfnahmen gegen Victor Orbans &#8222;Willk\u00fcr&#8220;.<\/p>\n<p class=\"text-18 leading-17\">Die ungarische Polizei hat die f\u00fcr den 28. Juni geplante Pride-Parade in Budapest verboten. Grundlage daf\u00fcr ist ein neues Gesetz, das laut dem Aachener Europaabgeordneten Daniel Freund gezielt gegen die Veranstaltung gerichtet sei. Das teilte der Gr\u00fcnen-Politiker auf seiner Website mit.<\/p>\n<p class=\"text-18 leading-17\">Freund sprach von einem &#8222;beispiellosen Angriff auf die Grundrechte aller EU-B\u00fcrgerinnen und EU-B\u00fcrger&#8220;. Die Entscheidung sei unter &#8222;abstrusem Vorwand&#8220; getroffen worden und bedeute ein neues Level an &#8222;Willk\u00fcr-Herrschaft&#8220; in <a class=\"transition-colors duration-200 cursor-pointer text-inherit no-underline text-salemsfur md:hover:text-magenta md:hover:border-magenta md:focus:text-magenta border-current border-b border-solid break-words\" href=\"https:\/\/www.t-online.de\/themen\/ungarn\/\" data-sctrack=\"BodyAnchor\" rel=\"nofollow noopener\" target=\"_blank\">Ungarn<\/a>. Die EU m\u00fcsse nun entschlossen reagieren, forderte er.<\/p>\n<p class=\"text-18 leading-17\">Der Abgeordnete aus <a class=\"transition-colors duration-200 cursor-pointer text-inherit no-underline text-salemsfur md:hover:text-magenta md:hover:border-magenta md:focus:text-magenta border-current border-b border-solid break-words\" href=\"https:\/\/www.t-online.de\/themen\/aachen\/\" data-sctrack=\"BodyAnchor\" rel=\"nofollow noopener\" target=\"_blank\">Aachen<\/a> verlangt als Reaktion den sofortigen Stopp aller EU-Zahlungen an Ungarn. Zudem solle der Ministerrat einen Entzug des Stimmrechts pr\u00fcfen. &#8222;Orban muss jetzt zu sp\u00fcren bekommen, dass er zu weit gegangen ist&#8220;, erkl\u00e4rte Freund.<\/p>\n<p class=\"text-18 leading-17\">Das Verbot geht auf eine Verfassungs\u00e4nderung der Orban-Regierung zur\u00fcck. Diese schr\u00e4nkt das Versammlungsrecht in Ungarn massiv ein. Nach Angaben von Freund wurde das Gesetz mit dem Ziel erlassen, die Pride zu verhindern.<\/p>\n<p class=\"text-18 leading-17\">Die Veranstalter der Budapest Pride wollen gegen die Entscheidung Berufung einlegen. Unterst\u00fctzung erhalten sie aus dem Europ\u00e4ischen Parlament: Zahlreiche Abgeordnete aus der EU haben angek\u00fcndigt, am 28. Juni nach Budapest zu reisen, um gegen das Verbot zu protestieren.<\/p>\n<p class=\"text-18 leading-17\">Bereits zuvor hatte es aus der EU breite Kritik am ungarischen Gesetz gegeben. Mitglieder der Kommission und 20 EU-Staaten hatten sich gegen das Vorhaben ausgesprochen.<\/p>\n","protected":false},"excerpt":{"rendered":"Neues Level an &#8222;Willk\u00fcr-Herrschaft&#8220; Daniel Freund kritisiert Viktor Obans Pride Paraden-Verbot 04.06.2025 &#8211; 08:39 UhrLesedauer: 1 Min. Viktor&hellip;\n","protected":false},"author":2,"featured_media":163913,"comment_status":"","ping_status":"","sticky":false,"template":"","format":"standard","meta":{"footnotes":""},"categories":[1853],"tags":[1424,8012,21,42264,3364,29,548,663,3934,30,13,21314,14,15,1209,121,12,501,56997,500],"class_list":{"0":"post-163912","1":"post","2":"type-post","3":"status-publish","4":"format-standard","5":"has-post-thumbnail","7":"category-aachen","8":"tag-aachen","9":"tag-budapest","10":"tag-buendnis-90-die-gruenen","11":"tag-daniel-freund","12":"tag-de","13":"tag-deutschland","14":"tag-eu","15":"tag-europa","16":"tag-europe","17":"tag-germany","18":"tag-headlines","19":"tag-level","20":"tag-nachrichten","21":"tag-news","22":"tag-nordrhein-westfalen","23":"tag-polizei","24":"tag-schlagzeilen","25":"tag-ungarn","26":"tag-victor-orban","27":"tag-viktor-orban"},"share_on_mastodon":{"url":"https:\/\/pubeurope.com\/@de\/114623809080207536","error":""},"_links":{"self":[{"href":"https:\/\/www.europesays.com\/de\/wp-json\/wp\/v2\/posts\/163912","targetHints":{"allow":["GET"]}}],"collection":[{"href":"https:\/\/www.europesays.com\/de\/wp-json\/wp\/v2\/posts"}],"about":[{"href":"https:\/\/www.europesays.com\/de\/wp-json\/wp\/v2\/types\/post"}],"author":[{"embeddable":true,"href":"https:\/\/www.europesays.com\/de\/wp-json\/wp\/v2\/users\/2"}],"replies":[{"embeddable":true,"href":"https:\/\/www.europesays.com\/de\/wp-json\/wp\/v2\/comments?post=163912"}],"version-history":[{"count":0,"href":"https:\/\/www.europesays.com\/de\/wp-json\/wp\/v2\/posts\/163912\/revisions"}],"wp:featuredmedia":[{"embeddable":true,"href":"https:\/\/www.europesays.com\/de\/wp-json\/wp\/v2\/media\/163913"}],"wp:attachment":[{"href":"https:\/\/www.europesays.com\/de\/wp-json\/wp\/v2\/media?parent=163912"}],"wp:term":[{"taxonomy":"category","embeddable":true,"href":"https:\/\/www.europesays.com\/de\/wp-json\/wp\/v2\/categories?post=163912"},{"taxonomy":"post_tag","embeddable":true,"href":"https:\/\/www.europesays.com\/de\/wp-json\/wp\/v2\/tags?post=163912"}],"curies":[{"name":"wp","href":"https:\/\/api.w.org\/{rel}","templated":true}]}}