{"id":163959,"date":"2025-06-04T07:24:10","date_gmt":"2025-06-04T07:24:10","guid":{"rendered":"https:\/\/www.europesays.com\/de\/163959\/"},"modified":"2025-06-04T07:24:10","modified_gmt":"2025-06-04T07:24:10","slug":"atx-trends-verbund-cpi-europe-pierer-mobility-wienerberger","status":"publish","type":"post","link":"https:\/\/www.europesays.com\/de\/163959\/","title":{"rendered":"ATX-Trends: Verbund, CPI Europe, Pierer Mobility, wienerberger &#8230;"},"content":{"rendered":"<p>  04.06.2025,<br \/>\n    1980 Zeichen<br \/>\n<br clear=\"all\"\/><\/p>\n<p>Aus den Morning News der Wiener Privatbank: &#8222;Der Wiener Aktienmarkt hat den Handel am Dienstag mit Verlusten beendet. Der Leitindex ATX schloss 0,29 Prozent tiefer mit 4.423,62 Punkten. Der breiter gefasste ATX Prime b\u00fc\u00dfte 0,27 Prozent auf 2.218,66 Z\u00e4hler ein. Die Inflation im Euro-W\u00e4hrungsraum sank im Mai erneut: Laut der am Dienstag ver\u00f6ffentlichten Eurostat-Sch\u00e4tzung sind die Preise in der Eurozone durchschnittlich um nur noch 1,9 Prozent gestiegen. Im April hatte die Teuerungsrate noch 2,2 Prozent betragen. Die Daten seien f\u00fcr die Marktteilnehmer vor allem mit Blick auf die EZB-Ratssitzung am Donnerstag von Bedeutung. Am Markt wird fest mit einer Zinssenkung um 0,25 Prozentpunkte durch die Europ\u00e4ische Zentralbank gerechnet. Zu den gr\u00f6\u00dferen Verlierern im ATX Prime Segment geh\u00f6rten Aktien von FACC mit einem Abschlag von 2,7 Prozent, gefolgt von Mayr-Melnhof Karton mit minus 1,7 Prozent. Die Verbund-Papiere b\u00fc\u00dften 1,4 Prozent ein. Zu den Gewinnern geh\u00f6rten hingegen Immobilienwerte. UBM-Titel verteuerten sich um 4,6 Prozent. CPI Europe gewannen 0,6 Prozent an Wert. CA Immobilien gaben dagegen um 0,5 Prozent nach. Starke Zuw\u00e4chse verzeichneten auch die Anteilsscheine von Frequentis mit plus 3,3 Prozent. Der nach eigenen Angaben weltgr\u00f6\u00dfte Ziegelhersteller Wienerberger hat in Irland zugekauft. \u00dcbernommen wurde die MFP Sales Ltd., eine Firma f\u00fcr Rohrl\u00f6sungen f\u00fcr Entw\u00e4sserung, Dachrinnen und Kabelschutz. Die Titel von Wienerberger b\u00fc\u00dften 0,1 Prozent ein. Beim KTM-Mutterunternehmen Pierer Mobility stehen Ver\u00e4nderungen im Aufsichtsrat an. Der Vorsitzende Stephan Z\u00f6chling, sein Stellvertreter Rajiv Bajaj und <a href=\"http:\/\/www.boerse-social.com\/persons\/friedrich_roithner\" class=\"person_link\" title=\"Friedrich Roithner (KTM Industries) im Personen-Verzeichnis\" target=\"_blank\" rel=\"noopener\"> Friedrich Roithner<\/a> legen ihre Aufsichtsratsmandate mit der n\u00e4chsten ordentlichen Hauptversammlung am 23. Juni 2025 nieder. Es werden sich Dinesh Thapar (Finanzchef der Bajaj Auto Limited) sowie die Rechtsanw\u00e4lte Ernst Chalupsky und Ewald Oberhammer der Wahl f\u00fcr die Nachfolge stellen, gab das Unternehmen bekannt. Die Aktien legten um 1,3 Prozent zu.&#8220;<\/p>\n<p>(04.06.2025)<\/p>\n<p>\n BSN Podcasts\n<\/p>\n<p><a href=\"https:\/\/audio-cd.at\/page\/podcast\/7389\/\" style=\"text-decoration:none;line-height:1px;font-size:14px;color:#333\" target=\"_blank\" rel=\"noopener\"><br \/>\n      <b>Christian Drastil: Wiener B\u00f6rse Plausch<\/b><br \/>\n      <img decoding=\"async\" src=\"https:\/\/www.europesays.com\/de\/wp-content\/uploads\/2025\/06\/1749021850_373_100.jpeg\" style=\"width:50px; float:left;margin-right:10px;margin-top:2px\"\/><\/p>\n<p style=\"font-size:14px;margin-bottom:0;font-weight:normal;margin-top:6px;line-height:13px\">B\u00f6rsepeople im Podcast S19\/05: Rudolf Preyer\n        <\/p>\n<p>      <\/a><\/p>\n<p>\u00a0<\/p>\n<p>    <br clear=\"all\"\/><br \/>\n        Bildnachweis<\/p>\n<p style=\"font-size:12px;margin-bottom:8px\">\n          1.<\/p>\n<p><a href=\"https:\/\/boerse-social.com\/radar\/04.06.2025\" target=\"_blank\" rel=\"noopener\"><\/p>\n<p><b style=\"color:#333\">Aktien auf dem Radar:<\/b>Austriacard Holdings AG, Strabag, Uniqa, Addiko Bank, Amag, EuroTeleSites AG, OMV, \u00d6sterreichische Post, voestalpine, Wienerberger, CA Immo, Frequentis, Gurktaler AG Stamm, UBM, Wolford, Warimpex, Marinomed Biotech, Oberbank AG Stamm, Flughafen Wien, Mayr-Melnhof, Palfinger, RBI, Rosenbauer, Telekom Austria, VIG, Fresenius Medical Care, Allianz, Siemens Energy, E.ON , BASF, adidas.\n    <\/p>\n<p><\/a> <\/p>\n<p>  <a href=\"https:\/\/boerse-social.com\/partner\" target=\"_blank\" rel=\"noopener\">Random Partner<\/a><\/p>\n<p>            <a href=\"https:\/\/www.doco.com\/\" target=\"_blank\" style=\"border:0\" rel=\"noopener\"><br \/>\n                <img decoding=\"async\" src=\"https:\/\/www.europesays.com\/de\/wp-content\/uploads\/2025\/06\/1749021850_134_200.jpeg\" style=\"width:100px;\"\/><br \/>\n            <\/a><\/p>\n<p class=\"content\">\n            <a href=\"https:\/\/www.doco.com\/\" target=\"_blank\" rel=\"noopener\"><b style=\"font-weight:500;border-bottom:1px dotted #999\">Do&amp;Co<\/b><\/a><br \/>Als \u00d6sterreichisches, b\u00f6rsennotiertes Unternehmen mit den drei Gesch\u00e4ftsbereichen Airline Catering, internationales Event Catering und Restaurants, Lounges &amp; Hotel bieten wir Gourmet Entertainment auf der ganzen Welt. Wir betreiben 32 Locations in 12 L\u00e4ndern auf 3 Kontinenten, um die h\u00f6chsten Standards im Produkt- sowie Service-Bereich umsetzen zu k\u00f6nnen.\n        <\/p>\n<p style=\"padding-left:8px\">&gt;&gt; Besuchen Sie 60 weitere Partner auf <a href=\"http:\/\/boerse-social.com\/partner\" style=\"border-bottom:1px dotted #999\" target=\"_blank\" rel=\"noopener\">boerse-social.com\/partner<\/a><\/p>\n<p><br clear=\"all\"\/><\/p>\n<p>    \u00a0Latest Blogs<\/p>\n<p style=\"font-size:13px;margin-bottom:5px\">\n        <a href=\"https:\/\/boerse-social.com\/2025\/06\/04\/borse-inputs_auf_spotify_zu_ua_wienerberger_ritschy_rheinmetall_rudolf_preyer_hims_hers_1\" target=\"_blank\" rel=\"noopener\"><br \/>\n          \u00bb B\u00f6rse-Inputs auf Spotify zu u.a. wienerberger, Ritschy Rheinmetall, Rudo&#8230;<br \/>\n        <\/a>\n      <\/p>\n<p style=\"font-size:13px;margin-bottom:5px\">\n        <a href=\"https:\/\/boerse-social.com\/2025\/06\/04\/atx-trends_verbund_cpi_europe_pierer_mobility_wienerberger\" target=\"_blank\" rel=\"noopener\"><br \/>\n          \u00bb ATX-Trends: Verbund, CPI Europe, Pierer Mobility, wienerberger &#8230;<br \/>\n        <\/a>\n      <\/p>\n<p style=\"font-size:13px;margin-bottom:5px\">\n        <a href=\"https:\/\/boerse-social.com\/2025\/06\/04\/borsepeople_im_podcast_s1905_rudolf_preyer\" target=\"_blank\" rel=\"noopener\"><br \/>\n          \u00bb B\u00f6rsepeople im Podcast S19\/05: Rudolf Preyer<br \/>\n        <\/a>\n      <\/p>\n<p style=\"font-size:13px;margin-bottom:5px\">\n        <a href=\"https:\/\/boerse-social.com\/2025\/06\/03\/osterreich-depots_etwas_schwacher_depot_kommentar_17\" target=\"_blank\" rel=\"noopener\"><br \/>\n          \u00bb \u00d6sterreich-Depots: Etwas schw\u00e4cher (Depot Kommentar)<br \/>\n        <\/a>\n      <\/p>\n<p style=\"font-size:13px;margin-bottom:5px\">\n        <a href=\"https:\/\/boerse-social.com\/2025\/06\/03\/borsegeschichte_3_juni_baca_johann_strobl_borse_geschichte_borsegeschichte\" target=\"_blank\" rel=\"noopener\"><br \/>\n          \u00bb B\u00f6rsegeschichte 3. Juni: BA\/CA, Johann Strobl (B\u00f6rse Geschichte) (B\u00f6rseG&#8230;<br \/>\n        <\/a>\n      <\/p>\n<p style=\"font-size:13px;margin-bottom:5px\">\n        <a href=\"https:\/\/boerse-social.com\/2025\/06\/03\/nachlese_abc_superreiche_stolz_auf_14_im_linkedin-ranking_audio_cdat\" target=\"_blank\" rel=\"noopener\"><br \/>\n          \u00bb Nachlese: ABC Superreiche, Stolz auf #14 im LinkedIn-Ranking (audio cd.at)<br \/>\n        <\/a>\n      <\/p>\n<p style=\"font-size:13px;margin-bottom:5px\">\n        <a href=\"https:\/\/boerse-social.com\/2025\/06\/03\/pir-news_wienerberger_kauft_zu_verbund_erweitert_pierer_mobility-gremium_wechselt_agrana_investiert_uko_microshops_emittiert_christine_petzwinkler\" target=\"_blank\" rel=\"noopener\"><br \/>\n          \u00bb PIR-News: wienerberger kauft zu, Verbund erweitert, Pierer Mobility-Grem&#8230;<br \/>\n        <\/a>\n      <\/p>\n<p style=\"font-size:13px;margin-bottom:5px\">\n        <a href=\"https:\/\/boerse-social.com\/2025\/06\/03\/_christian_drastil_60\" target=\"_blank\" rel=\"noopener\"><br \/>\n          \u00bb  (Christian Drastil)<br \/>\n        <\/a>\n      <\/p>\n<p style=\"font-size:13px;margin-bottom:5px\">\n        <a href=\"https:\/\/boerse-social.com\/2025\/06\/03\/wiener_borse_party_916_atx_schwacher_wienerberger_wachst_ritschy_gibt_ein_rheinmetall-ubergewinn-update_und_heute_zfa-award\" target=\"_blank\" rel=\"noopener\"><br \/>\n          \u00bb Wiener B\u00f6rse Party #916: ATX schw\u00e4cher, wienerberger w\u00e4chst, Ritschy gib&#8230;<br \/>\n        <\/a>\n      <\/p>\n<p style=\"font-size:13px;margin-bottom:5px\">\n        <a href=\"https:\/\/boerse-social.com\/2025\/06\/03\/wiener_borse_zu_mittag_leichter_ubm_kapsch_und_amag_gesucht\" target=\"_blank\" rel=\"noopener\"><br \/>\n          \u00bb Wiener B\u00f6rse zu Mittag leichter: UBM, Kapsch und Amag gesucht<br \/>\n        <\/a>\n      <\/p>\n<p><\/p>\n","protected":false},"excerpt":{"rendered":"04.06.2025, 1980 Zeichen Aus den Morning News der Wiener Privatbank: &#8222;Der Wiener Aktienmarkt hat den Handel am Dienstag&hellip;\n","protected":false},"author":2,"featured_media":163960,"comment_status":"","ping_status":"","sticky":false,"template":"","format":"standard","meta":{"footnotes":""},"categories":[3933],"tags":[4064,331,332,18099,12147,282,52254,548,663,158,3934,3935,3986,13,57002,54976,14,15,51668,54977,22861,9258,12,3106,20367],"class_list":{"0":"post-163959","1":"post","2":"type-post","3":"status-publish","4":"format-standard","5":"has-post-thumbnail","7":"category-eu","8":"tag-aktienmarkt","9":"tag-aktuelle-nachrichten","10":"tag-aktuelle-news","11":"tag-atx","12":"tag-aus","13":"tag-der","14":"tag-dienstag","15":"tag-eu","16":"tag-europa","17":"tag-europaeische-union","18":"tag-europe","19":"tag-european-union","20":"tag-handel","21":"tag-headlines","22":"tag-leitindex","23":"tag-morning","24":"tag-nachrichten","25":"tag-news","26":"tag-prime","27":"tag-privatbank","28":"tag-prozent","29":"tag-punkten","30":"tag-schlagzeilen","31":"tag-verlusten","32":"tag-wiener"},"share_on_mastodon":{"url":"https:\/\/pubeurope.com\/@de\/114623903517057788","error":""},"_links":{"self":[{"href":"https:\/\/www.europesays.com\/de\/wp-json\/wp\/v2\/posts\/163959","targetHints":{"allow":["GET"]}}],"collection":[{"href":"https:\/\/www.europesays.com\/de\/wp-json\/wp\/v2\/posts"}],"about":[{"href":"https:\/\/www.europesays.com\/de\/wp-json\/wp\/v2\/types\/post"}],"author":[{"embeddable":true,"href":"https:\/\/www.europesays.com\/de\/wp-json\/wp\/v2\/users\/2"}],"replies":[{"embeddable":true,"href":"https:\/\/www.europesays.com\/de\/wp-json\/wp\/v2\/comments?post=163959"}],"version-history":[{"count":0,"href":"https:\/\/www.europesays.com\/de\/wp-json\/wp\/v2\/posts\/163959\/revisions"}],"wp:featuredmedia":[{"embeddable":true,"href":"https:\/\/www.europesays.com\/de\/wp-json\/wp\/v2\/media\/163960"}],"wp:attachment":[{"href":"https:\/\/www.europesays.com\/de\/wp-json\/wp\/v2\/media?parent=163959"}],"wp:term":[{"taxonomy":"category","embeddable":true,"href":"https:\/\/www.europesays.com\/de\/wp-json\/wp\/v2\/categories?post=163959"},{"taxonomy":"post_tag","embeddable":true,"href":"https:\/\/www.europesays.com\/de\/wp-json\/wp\/v2\/tags?post=163959"}],"curies":[{"name":"wp","href":"https:\/\/api.w.org\/{rel}","templated":true}]}}