{"id":164003,"date":"2025-06-04T07:47:15","date_gmt":"2025-06-04T07:47:15","guid":{"rendered":"https:\/\/www.europesays.com\/de\/164003\/"},"modified":"2025-06-04T07:47:15","modified_gmt":"2025-06-04T07:47:15","slug":"duesseldorf-softair-sturmgewehr-sorgt-fuer-aufregung-am-flughafen-regional","status":"publish","type":"post","link":"https:\/\/www.europesays.com\/de\/164003\/","title":{"rendered":"D\u00fcsseldorf: Softair-Sturmgewehr sorgt f\u00fcr Aufregung am Flughafen | Regional"},"content":{"rendered":"<p>D\u00fcsseldorf \u2013 <b>Am D\u00fcsseldorfer Flughafen hat der Zoll eine t\u00e4uschend echte Softair-Waffe im Gep\u00e4ck einer Reisenden entdeckt.<\/b><\/p>\n<p>Die 39-j\u00e4hrige Ukrainerin war am 28.05.2025 aus der Republik Moldau eingereist, als die Z\u00f6llner bei der Kontrolle ihres Gep\u00e4cks auf die Waffe stie\u00dfen. Zun\u00e4chst glaubten die Beamten, es handle sich um ein echtes Sturmgewehr. Die Frau erkl\u00e4rte, dass es sich um ein Spielzeug f\u00fcr ihren Sohn handele.<\/p>\n<p>Bei der genaueren Untersuchung stellte sich heraus, dass die Softair-Waffe im Stil einer Kalaschnikow gefertigt war und dem Original t\u00e4uschend \u00e4hnlich sah. Da solche Softair-Waffen nicht unter das Waffengesetz fallen, durfte die Frau ihre Reise fortsetzen.<\/p>\n<p>Die Z\u00f6llner warnten jedoch eindringlich vor den Gefahren, die von solchen Spielzeugen ausgehen k\u00f6nnen, wenn sie nicht als solche erkennbar sind.<\/p>\n<p>Dieser Text basiert auf einer offiziellen Beh\u00f6rden-Information und wurde mit Hilfe von KI erstellt.<\/p>\n","protected":false},"excerpt":{"rendered":"D\u00fcsseldorf \u2013 Am D\u00fcsseldorfer Flughafen hat der Zoll eine t\u00e4uschend echte Softair-Waffe im Gep\u00e4ck einer Reisenden entdeckt. Die&hellip;\n","protected":false},"author":2,"featured_media":159286,"comment_status":"","ping_status":"","sticky":false,"template":"","format":"standard","meta":{"footnotes":""},"categories":[1831],"tags":[3364,29,3405,30,2509,1209,121,45,1995],"class_list":{"0":"post-164003","1":"post","2":"type-post","3":"status-publish","4":"format-standard","5":"has-post-thumbnail","7":"category-duesseldorf","8":"tag-de","9":"tag-deutschland","10":"tag-duesseldorf","11":"tag-germany","12":"tag-ki-ots","13":"tag-nordrhein-westfalen","14":"tag-polizei","15":"tag-texttospeech","16":"tag-verbrechen"},"share_on_mastodon":{"url":"https:\/\/pubeurope.com\/@de\/114623993837745170","error":""},"_links":{"self":[{"href":"https:\/\/www.europesays.com\/de\/wp-json\/wp\/v2\/posts\/164003","targetHints":{"allow":["GET"]}}],"collection":[{"href":"https:\/\/www.europesays.com\/de\/wp-json\/wp\/v2\/posts"}],"about":[{"href":"https:\/\/www.europesays.com\/de\/wp-json\/wp\/v2\/types\/post"}],"author":[{"embeddable":true,"href":"https:\/\/www.europesays.com\/de\/wp-json\/wp\/v2\/users\/2"}],"replies":[{"embeddable":true,"href":"https:\/\/www.europesays.com\/de\/wp-json\/wp\/v2\/comments?post=164003"}],"version-history":[{"count":0,"href":"https:\/\/www.europesays.com\/de\/wp-json\/wp\/v2\/posts\/164003\/revisions"}],"wp:featuredmedia":[{"embeddable":true,"href":"https:\/\/www.europesays.com\/de\/wp-json\/wp\/v2\/media\/159286"}],"wp:attachment":[{"href":"https:\/\/www.europesays.com\/de\/wp-json\/wp\/v2\/media?parent=164003"}],"wp:term":[{"taxonomy":"category","embeddable":true,"href":"https:\/\/www.europesays.com\/de\/wp-json\/wp\/v2\/categories?post=164003"},{"taxonomy":"post_tag","embeddable":true,"href":"https:\/\/www.europesays.com\/de\/wp-json\/wp\/v2\/tags?post=164003"}],"curies":[{"name":"wp","href":"https:\/\/api.w.org\/{rel}","templated":true}]}}