{"id":164008,"date":"2025-06-04T07:50:10","date_gmt":"2025-06-04T07:50:10","guid":{"rendered":"https:\/\/www.europesays.com\/de\/164008\/"},"modified":"2025-06-04T07:50:10","modified_gmt":"2025-06-04T07:50:10","slug":"bombenentschaerfung-in-koeln-riesige-evakuierung-auswirkungen-bis-nach-stuttgart","status":"publish","type":"post","link":"https:\/\/www.europesays.com\/de\/164008\/","title":{"rendered":"Bombenentsch\u00e4rfung in K\u00f6ln: Riesige Evakuierung \u2013 Auswirkungen bis nach Stuttgart"},"content":{"rendered":"<p>\t\t\t\t\t\t\t\t\t\t\t\t\t\t\t\t\t\t\t\t\t\t\t\t\t\t\t\t      \t\t            \t\t             \t\t\t\t   \t\t\t\t\t   <img decoding=\"async\" id=\"article-image\" fetchpriority=\"high\" alt=\"Bombenentsch\u00e4rfung in K\u00f6ln: Riesige Evakuierung \u2013 Auswirkungen bis nach Stuttgart\" title=\"Bombenentsch\u00e4rfung in K\u00f6ln: Riesige Evakuierung \u2013 Auswirkungen bis nach Stuttgart\" src=\"https:\/\/www.europesays.com\/de\/wp-content\/uploads\/2025\/06\/media.media.a8646168-3173-4b6c-bab1-4ec585654fe2.16x9_700.jpg\" data-linkto=\"https:\/\/www.stuttgarter-nachrichten.de\/javascript:void(0);\"\/>\t\t\t\t\t\t\t\t\t\t\t\t\t\t\t\t\t\t\t\t\t\t\t\tEine der Fundstellen am Rhein \u2013 im Hintergrund der K\u00f6lner Dom.\u00a0Foto: Henning Kaiser\/dpa\t\t\t<\/p>\n<p>Rund 20.000 K\u00f6lner m\u00fcssen heute Vormittag ihre Wohnungen verlassen. Fast die gesamte Innenstadt wird wegen einer Bombenentsch\u00e4rfung gesperrt \u2013 das hat Auswirkungen bis nach Stuttgart.<\/p>\n<p>In <a href=\"https:\/\/www.stuttgarter-nachrichten.de\/thema\/K%C3%B6ln\" title=\"K\u00f6ln\" class=\"art_thema\" target=\"_blank\" rel=\"noopener\">K\u00f6ln<\/a> hat am Mittwochmorgen die umfangreichste <a href=\"https:\/\/www.stuttgarter-nachrichten.de\/thema\/Evakuierung\" title=\"Evakuierung\" class=\"art_thema\" target=\"_blank\" rel=\"noopener\">Evakuierung<\/a> seit dem Jahr 1945 begonnen. Ein gro\u00dfer Teil der Innenstadt wird gesperrt, um drei amerikanische Weltkriegsbomben zu entsch\u00e4rfen. Mehr als 20.000 Menschen m\u00fcssen ihre Wohnungen in eine Radius von rund einem Kilometer rund um die Fundstelle im Stadtteil Deutz r\u00e4umen.\u00a0<\/p>\n<p>Die Stadt K\u00f6ln teilte auf ihrer Website mit: \u201eBei der Evakuierung handelt es sich um die gr\u00f6\u00dfte Ma\u00dfnahme nach dem Ende des Zweiten Weltkriegs. Alle Beteiligten hoffen, dass die Entsch\u00e4rfung im Laufe des Mittwochs abgeschlossen werden kann.\u201c Wann die Entsch\u00e4rfung selbst beginnen werde, k\u00f6nne man noch nicht sagen, sagte eine Stadtsprecherin der Deutschen Presse-Agentur. <\/p>\n<p><a href=\"https:\/\/www.stuttgarter-nachrichten.de\/thema\/Bombenentsch%C3%A4rfung\" title=\"Bombenentsch\u00e4rfung\" class=\"art_thema\" target=\"_blank\" rel=\"noopener\">Bombenentsch\u00e4rfung<\/a>: \u201eH\u00e4ngt davon ab, wie erfolgreich die Evakuierung l\u00e4uft\u201c <\/p>\n<p>Der erste Check bei den Leuten werde schon mehrere Stunden dauern, und dann gebe es noch Unw\u00e4gbarkeiten. Seit 8 Uhr werden nun Stra\u00dfensperren errichtet. Beh\u00f6rdenvertreter \u00fcberpr\u00fcfen, ob alle Wohnungen leer sind. <\/p>\n<p>Wie lange sich das hinziehe, sei nicht abzusehen, best\u00e4tigte Kai Kulschewski, Dezernent f\u00fcr Kampfmittelbeseitigung bei der Bezirksregierung D\u00fcsseldorf, im WDR-\u201eMorgenecho\u201c. \u201eEs h\u00e4ngt alles davon ab, wie erfolgreich die Evakuierung verlaufen wird, ob sich die Bev\u00f6lkerung an die Regeln h\u00e4lt, ob die auch alle den Evakuierungsradius verlassen, und erst wenn dann wirklich niemand mehr in dem Radius drin ist, dann k\u00f6nnen unsere Mitarbeiter mit der Arbeit beginnen.\u201c \u00a0<\/p>\n<p>       Wer ist in K\u00f6ln von der Evakuierung betroffen?  <\/p>\n<p>Die K\u00f6lner Innenstadt sei die am dichtesten besiedelte in ganz Europa, sagte Ralf Mayer, Leiter des K\u00f6lner Ordnungsamtes, im ARD-\u201eMorgenmagazin\u201c. In der Sperrzone liegen ein Krankenhaus, zwei Alten- und Pflegeheime, viele Museen und der Fernsehsender RTL, der seine Sendungen teils vorab aufgezeichnet hat oder aus Berlin sendet. Die Mitarbeiter arbeiten vorerst im Homeoffice teilte der Privatsender mit. Auch viele Einzelh\u00e4ndler in der K\u00f6lner Innenstadt k\u00f6nnen ihre Gesch\u00e4fte erst einmal nicht \u00f6ffnen. <\/p>\n<p>Der K\u00f6lner Dom und der Hauptbahnhof liegen nicht im Evakuierungsbereich. Allerdings betrifft dies die Hohenzollernbr\u00fccke, die als die meistbefahrene Eisenbahnbr\u00fccke Deutschlands gilt und zu diesen beiden Wahrzeichen f\u00fchrt. Die <a href=\"https:\/\/www.stuttgarter-nachrichten.de\/thema\/Deutsche_Bahn\" title=\"Deutsche Bahn\" class=\"art_thema\" target=\"_blank\" rel=\"noopener\">Deutsche Bahn<\/a> rechnet deshalb mit \u201eerheblichen Einschr\u00e4nkungen im Nah- und Fernverkehr in Nordrhein-Westfalen\u201c, zumal auch der Bahnhof K\u00f6ln-Messe\/Deutz gesperrt ist.<\/p>\n<p>Bombenentsch\u00e4rfung in K\u00f6ln: Einschr\u00e4nkungen bei der Deutschen Bahn  <\/p>\n<p>Personenz\u00fcge d\u00fcrften nach 8 Uhr zun\u00e4chst weiter \u00fcber die Hohenzollernbr\u00fccke fahren, hielten allerdings nicht im Bahnhof K\u00f6ln Messe\/Deutz, teilte die Bahn mit. Mit Beginn der Entsch\u00e4rfung werde die Hohenzollernbr\u00fccke dann gesperrt. Ab diesem Zeitpunkt k\u00f6nne der K\u00f6lner Hauptbahnhof dann nicht mehr aus Richtung Deutz angefahren werden. Z\u00fcge zwischen D\u00fcsseldorf und Frankfurt halten nicht in K\u00f6ln. Die ICE-Sprinter-Z\u00fcge zwischen K\u00f6ln und Berlin sowie <b>einzelne ICE-Z\u00fcge zwischen K\u00f6ln und Stuttgart fallen aus<\/b>. Ab Beginn der Entsch\u00e4rfung werden die Z\u00fcge mit einer veranschlagten Versp\u00e4tung von rund zehn Minuten gro\u00dfr\u00e4umig umgeleitet.<\/p>\n<p>   <img decoding=\"async\" loading=\"lazy\" src=\"https:\/\/www.europesays.com\/de\/wp-content\/uploads\/2025\/06\/media.media.f35e8ca7-baba-47b7-b3f0-59b81037500b.original1024.media.jpeg\"\/>     Der Zugverkehr in K\u00f6ln ist am Mittwoch teils stark eingeschr\u00e4nkt.    Foto: Henning Kaiser\/dpa    <\/p>\n<p>Einschr\u00e4nkungen bei der Bahn in der \u00dcbersicht:<\/p>\n<ul>\n<li>Ab Mittwoch um 8 Uhr f\u00e4llt der Halt in K\u00f6ln Deutz\/Tief aus<\/li>\n<li> Z\u00fcge zwischen D\u00fcsseldorf und Frankfurt verkehren ohne Halt in K\u00f6ln\/Messe Deutz Tief<\/li>\n<li> Die ICE Sprinter Z\u00fcge zwischen K\u00f6ln und Berlin fallen aus<\/li>\n<li> Einzelne ICE Z\u00fcge zwischen K\u00f6ln und Stuttgart fallen aus<\/li>\n<li> Ab Beginn der Entsch\u00e4rfung werden die Z\u00fcge gro\u00dfr\u00e4umig umgeleitet mit einer Versp\u00e4tung von etwa zehn Minuten<\/li>\n<\/ul>\n<p> Evakuierung trifft auch Flugverkehr <\/p>\n<p>In K\u00f6ln selbst sind etliche Stadtbahn- und Buslinien betroffen. Sie werden entweder umgeleitet oder fahren gar nicht. Auch die Schifffahrt auf dem Rhein muss vor\u00fcbergehend pausieren. <\/p>\n<p>Der Luftraum wird kurzzeitig f\u00fcr den Zeitpunkt der Entsch\u00e4rfung selbst gesperrt. \u201eEine Beeintr\u00e4chtigung f\u00fcr den Flugbetrieb wird nicht erwartet. Die Anreise zum <a href=\"https:\/\/www.stuttgarter-nachrichten.de\/thema\/Flughafen\" title=\"Flughafen\" class=\"art_thema\" target=\"_blank\" rel=\"noopener\">Flughafen<\/a> mit \u00f6ffentlichen Verkehrsmitteln k\u00f6nnte jedoch erschwert sein\u201c, teilt der Flughafen K\u00f6ln\/Bonn mit. Auch das k\u00f6nnte Stuttgarterinnen und Stuttgarter gegebenfalls betreffen. <\/p>\n<p> Mit Material von dpa. <\/p>\n","protected":false},"excerpt":{"rendered":"Eine der Fundstellen am Rhein \u2013 im Hintergrund der K\u00f6lner Dom.\u00a0Foto: Henning Kaiser\/dpa Rund 20.000 K\u00f6lner m\u00fcssen heute&hellip;\n","protected":false},"author":2,"featured_media":164009,"comment_status":"","ping_status":"","sticky":false,"template":"","format":"standard","meta":{"footnotes":""},"categories":[1830],"tags":[1634,7667,9154,3364,2030,29,2109,30,1420,1974,2224,20635,1441,17911,2869],"class_list":{"0":"post-164008","1":"post","2":"type-post","3":"status-publish","4":"format-standard","5":"has-post-thumbnail","7":"category-stuttgart","8":"tag-baden-wuerttemberg","9":"tag-bombe","10":"tag-bombenentschaerfung","11":"tag-de","12":"tag-deutsche-bahn","13":"tag-deutschland","14":"tag-flughafen","15":"tag-germany","16":"tag-koeln","17":"tag-panorama","18":"tag-sperrung","19":"tag-stuttgar","20":"tag-stuttgart","21":"tag-zuege","22":"tag-zugverkehr"},"share_on_mastodon":{"url":"https:\/\/pubeurope.com\/@de\/114624005708297657","error":""},"_links":{"self":[{"href":"https:\/\/www.europesays.com\/de\/wp-json\/wp\/v2\/posts\/164008","targetHints":{"allow":["GET"]}}],"collection":[{"href":"https:\/\/www.europesays.com\/de\/wp-json\/wp\/v2\/posts"}],"about":[{"href":"https:\/\/www.europesays.com\/de\/wp-json\/wp\/v2\/types\/post"}],"author":[{"embeddable":true,"href":"https:\/\/www.europesays.com\/de\/wp-json\/wp\/v2\/users\/2"}],"replies":[{"embeddable":true,"href":"https:\/\/www.europesays.com\/de\/wp-json\/wp\/v2\/comments?post=164008"}],"version-history":[{"count":0,"href":"https:\/\/www.europesays.com\/de\/wp-json\/wp\/v2\/posts\/164008\/revisions"}],"wp:featuredmedia":[{"embeddable":true,"href":"https:\/\/www.europesays.com\/de\/wp-json\/wp\/v2\/media\/164009"}],"wp:attachment":[{"href":"https:\/\/www.europesays.com\/de\/wp-json\/wp\/v2\/media?parent=164008"}],"wp:term":[{"taxonomy":"category","embeddable":true,"href":"https:\/\/www.europesays.com\/de\/wp-json\/wp\/v2\/categories?post=164008"},{"taxonomy":"post_tag","embeddable":true,"href":"https:\/\/www.europesays.com\/de\/wp-json\/wp\/v2\/tags?post=164008"}],"curies":[{"name":"wp","href":"https:\/\/api.w.org\/{rel}","templated":true}]}}