{"id":164234,"date":"2025-06-04T09:52:09","date_gmt":"2025-06-04T09:52:09","guid":{"rendered":"https:\/\/www.europesays.com\/de\/164234\/"},"modified":"2025-06-04T09:52:09","modified_gmt":"2025-06-04T09:52:09","slug":"und-leben-de-800-jahre-st-paulus-dom-in-muenster-so-wird-gefeiert","status":"publish","type":"post","link":"https:\/\/www.europesays.com\/de\/164234\/","title":{"rendered":"und-Leben.de &#8211; 800 Jahre St.-Paulus-Dom in M\u00fcnster \u2013 so wird gefeiert"},"content":{"rendered":"<p>Die Gruppen treffen sich im Paradies, der Vorhalle des Doms, sagt Mario Schr\u00f6er von der Domp\u00e4dagogik zu Kirche+Leben. Erste Erl\u00e4uterungen gibt es im Paradies, ehe die Gruppen zum Paulusaltar gehen. Die F\u00fchrungen starten immer zur vollen und zur halben Stunde:<\/p>\n<ul>\n<li>am Freitag, 4. Juli, zwischen 10 Uhr und 15 Uhr sowie zwischen 16.30 Uhr und 20 Uhr,<\/li>\n<li>am Samstag, 5. Juli, zwischen 10 Uhr und 11.30 Uhr sowie zwischen 13.30 Uhr und 20 Uhr und<\/li>\n<li>am Sonntag, 6. Juli, zwischen 13 Uhr und 16.30 Uhr.<\/li>\n<\/ul>\n<p class=\"zwiti\">Tag f\u00fcr Seelsorgende, Ehrenamtliche und Jugendliche<\/p>\n<p>Die meisten Besucher erwartet Dompropst K\u00f6ppen am 4. Juli. Vormittags h\u00e4lt <a href=\"https:\/\/www.kirche-und-leben.de\/artikel\/leibniz-forschungspreis-fuer-theologen-michael-seewald-aus-muenster\" target=\"_blank\" rel=\"nofollow noopener\">der katholische Theologieprofessor Michael Seewald<\/a> von der Uni M\u00fcnster einen Vortrag vor Seelsorgenden zum Bibelvers \u201eEinen anderen Grund kann niemand legen als den, der gelegt ist: Jesus Christus\u201c (1 Kor 3,11).<\/p>\n<p>Di\u00f6zesan-Administrator Antonius Hamers feiert um 15.30 Uhr die Eucharistie mit den Seelsorgenden \u2013 und mit ehrenamtlich Engagierten, die ab dem Nachmittag ebenso in den Dom eingeladen sind. Danach soll es Begegnungen und Gespr\u00e4che auf dem Domplatz geben, bei Snacks und Getr\u00e4nken.<\/p>\n<p class=\"zwiti\">Anmeldungen f\u00fcr Treffen am 4. Juli<\/p>\n<p>Das Ganze zwar \u201eeine Nummer kleiner\u201c als beim Domjubil\u00e4um 2014, so Hausherr K\u00f6ppen. Trotzdem hofft er auf \u201eviele G\u00e4ste, die mit uns und miteinander den Dom als besondere Kirche in unserem Bistum feiern\u201c. Um 20 Uhr ist dann ein Gottesdienst f\u00fcr junge Menschen in der Kathedrale vorgesehen.<\/p>\n<p>Seelsorgende, Ehrenamtliche und Jugendliche, die am 4. Juli in den Paulusdom kommen m\u00f6chten, sind gebeten, <a href=\"https:\/\/forms.office.com\/Pages\/ResponsePage.aspx?id=pWQBgW1Zn0O5v4T2iqbxkTVJhGO6DFpIrUpdfhqmxf9UNVNMNjM2REZJS0lZSUtMUFQzNko3VUM0Vi4u\" target=\"_blank\" title=\"Zur Anmeldung\" rel=\"noreferrer nofollow noopener\">sich bis zum 18. Juni anzumelden<\/a>. Das erleichtere den Organisatoren die Planung.<\/p>\n<p class=\"zwiti\">Oratorium zu Beginn zu h\u00f6ren<\/p>\n<p>Den Auftakt zur 800-Jahr-Feier bildet bereits am Samstag, 28. Juni, die Auff\u00fchrung des Oratoriums \u201ePax!\u201c. Beim Katholikentag 2018 in M\u00fcnster war das Auftragswerk des Komponisten Roland Kunz f\u00fcr die Dommusik M\u00fcnster erstmals zu h\u00f6ren. Nun erklingt der Friedenswunsch ab 18 Uhr erneut in der Bischofskirche, deren Grundstein 1225 Bischof Dietrich III., Graf von Isenberg, legte.<\/p>\n<p class=\"infokasten\"><strong>Das Programm auf einen Blick<\/strong><br \/>Samstag, 28. Juni, 18 Uhr: Oratorium \u201ePax!\u201c<br \/>Donnerstag, 3. Juli, 12.15 Uhr: Gottesdienst mit Enth\u00fcllung des Domschatzes<br \/>Freitag, 4. Juli: Angebote f\u00fcr Seelsorgende, Ehrenamtliche und junge Menschen. <a href=\"https:\/\/forms.office.com\/Pages\/ResponsePage.aspx?id=pWQBgW1Zn0O5v4T2iqbxkTVJhGO6DFpIrUpdfhqmxf9UNVNMNjM2REZJS0lZSUtMUFQzNko3VUM0Vi4u\" target=\"_blank\" title=\"Zur Anmeldung\" rel=\"noreferrer nofollow noopener\">Anmeldungen bis 18. Juni erbeten<\/a>. 15.30 Uhr Gottesdienst mit Di\u00f6zesan-Administrator Antonius Hamers, 20 Uhr Gottesdienst f\u00fcr junge Menschen.<br \/>Freitag, 4. Juli, bis Sonntag, 6. Juli: Kurzf\u00fchrungen zum Domschatz<br \/>Sonntag, 6. Juli, 10 Uhr: Gro\u00dfe Prozession und Festgottesdienst<\/p>\n","protected":false},"excerpt":{"rendered":"Die Gruppen treffen sich im Paradies, der Vorhalle des Doms, sagt Mario Schr\u00f6er von der Domp\u00e4dagogik zu Kirche+Leben.&hellip;\n","protected":false},"author":2,"featured_media":164235,"comment_status":"","ping_status":"","sticky":false,"template":"","format":"standard","meta":{"footnotes":""},"categories":[1843],"tags":[3364,29,30,16393,8970,1209],"class_list":{"0":"post-164234","1":"post","2":"type-post","3":"status-publish","4":"format-standard","5":"has-post-thumbnail","7":"category-muenster","8":"tag-de","9":"tag-deutschland","10":"tag-germany","11":"tag-kirche-und-leben-netz","12":"tag-muenster","13":"tag-nordrhein-westfalen"},"share_on_mastodon":{"url":"https:\/\/pubeurope.com\/@de\/114624485308944262","error":""},"_links":{"self":[{"href":"https:\/\/www.europesays.com\/de\/wp-json\/wp\/v2\/posts\/164234","targetHints":{"allow":["GET"]}}],"collection":[{"href":"https:\/\/www.europesays.com\/de\/wp-json\/wp\/v2\/posts"}],"about":[{"href":"https:\/\/www.europesays.com\/de\/wp-json\/wp\/v2\/types\/post"}],"author":[{"embeddable":true,"href":"https:\/\/www.europesays.com\/de\/wp-json\/wp\/v2\/users\/2"}],"replies":[{"embeddable":true,"href":"https:\/\/www.europesays.com\/de\/wp-json\/wp\/v2\/comments?post=164234"}],"version-history":[{"count":0,"href":"https:\/\/www.europesays.com\/de\/wp-json\/wp\/v2\/posts\/164234\/revisions"}],"wp:featuredmedia":[{"embeddable":true,"href":"https:\/\/www.europesays.com\/de\/wp-json\/wp\/v2\/media\/164235"}],"wp:attachment":[{"href":"https:\/\/www.europesays.com\/de\/wp-json\/wp\/v2\/media?parent=164234"}],"wp:term":[{"taxonomy":"category","embeddable":true,"href":"https:\/\/www.europesays.com\/de\/wp-json\/wp\/v2\/categories?post=164234"},{"taxonomy":"post_tag","embeddable":true,"href":"https:\/\/www.europesays.com\/de\/wp-json\/wp\/v2\/tags?post=164234"}],"curies":[{"name":"wp","href":"https:\/\/api.w.org\/{rel}","templated":true}]}}