{"id":164799,"date":"2025-06-04T15:03:08","date_gmt":"2025-06-04T15:03:08","guid":{"rendered":"https:\/\/www.europesays.com\/de\/164799\/"},"modified":"2025-06-04T15:03:08","modified_gmt":"2025-06-04T15:03:08","slug":"redderhof-heikendorf-uebergibt-spende-an-verein-rehkitzrettung-probstei-probsteer","status":"publish","type":"post","link":"https:\/\/www.europesays.com\/de\/164799\/","title":{"rendered":"Redderhof Heikendorf \u00fcbergibt Spende an Verein Rehkitzrettung Probstei &#8211; Probsteer"},"content":{"rendered":"<p><strong>Heikendorf <\/strong>(t). Am Sonntag, den 6. April 2025, war es wieder so weit: Auf dem Redderhof der Familie Duch\u00e2teau in Heikendorf fand der schon traditionelle j\u00e4hrliche Reiterflohmarkt statt. Dazu wurden Grillwurst sowie Kaffee und Kuchen angeboten, eine Tombola und ein Gl\u00fccksrad sorgten f\u00fcr Spannung und Unterhaltung, dessen Erl\u00f6se wie jedes Jahr f\u00fcr einen guten Zweck gespendet werden. Bei sonnigem Fr\u00fchlingswetter fanden sich knapp 40 Austeller ein und eine Vielzahl an reitbegeisterten Besuchern und Spazierg\u00e4ngern sorgten f\u00fcr ein reges Treiben auf der Reitanlage der \u201eReitgemeinschaft Redderhof\u201c im Schulredder 24.<\/p>\n<p>Der Erl\u00f6s des Reiterflohmarktes in H\u00f6he von 350 Euro geht in diesem Jahr an den Verein \u201eRehkitzrettung Probstei e.V.\u201c Der Verein unterst\u00fctzt die Landwirtschaft unmittelbar vor dem M\u00e4hen der Wiesen, damit keine Rehkitze und andere Tiere durch die M\u00e4hwerke zu Schaden kommen.<\/p>\n<p>Jedes Jahr im Mai und Juni werden die Kitze von den Ricken in das hohe Gras der Wiesen gesetzt, um vor Feinden gesch\u00fctzt zu sein. In den ersten Wochen haben die Kitze einen sogenannten \u201eDr\u00fcckinstinkt\u201c. Sie dr\u00fccken sich bei Gefahr flach in das Gras. Da die Landwirte die Kitze w\u00e4hrend der Mahd deshalb oft nicht sehen k\u00f6nnen, k\u00f6nnen sie vom M\u00e4hwerk erfasst werden und erleiden den sicheren Tod oder werden schwer verletzt.<\/p>\n<p>Daher treffen sich fr\u00fchmorgens ab 4 Uhr die ehrenamtlichen \u201eKitzretter\u201c mit ihren Drohnen und W\u00e4rmebildkameras an den Wiesen. Die \u201eL\u00e4ufer\u201c ziehen hinter der Flugbahn der Drohne hinterher. Sobald der Drohnenpilot auf seinem Bildschirm eine W\u00e4rmequelle entdeckt, stoppt er die Drohne. Ein L\u00e4uferteam geht dann unmittelbar zur Fundstelle, sichert das Tier in einer Transporttasche und bringt es an den Rand der Wiese (zum Beispiel im Knick) in Sicherheit.<\/p>\n<p>Direkt nach Beendigung des Einsatzes kann der Landwirt die Fl\u00e4che m\u00e4hen und die Rehkitze sowie andere Tiere werden anschlie\u00dfend sofort wieder freigelassen, berichtet die Vereinsvorsitzende Kristin Scharnberg.<\/p>\n<p>Die Spende hilft dem Verein sehr. \u201eWir m\u00f6chten eine weitere Drohne anschaffen, auch werden kontinuierlich Ersatzakkus, Transporttaschen und weiteres Zubeh\u00f6r ben\u00f6tigt\u201c, wirbt Kristin Scharnberg f\u00fcr den ehrenamtlichen Einsatz der Vereinsmitglieder. \u201eWir sind f\u00fcr jede Spende sehr dankbar.\u201c<\/p>\n<p>Das Team der \u201eReitgemeinschaft Redderhof\u201c bedankt sich f\u00fcr das besondere Engagement der \u201eKitzretter\u201c und freut sich auf die weitere Zusammenarbeit.<\/p>\n<p>Weitere Informationen unter www.rehkitzrettung-Probstei.de<\/p>\n","protected":false},"excerpt":{"rendered":"Heikendorf (t). Am Sonntag, den 6. April 2025, war es wieder so weit: Auf dem Redderhof der Familie&hellip;\n","protected":false},"author":2,"featured_media":164800,"comment_status":"","ping_status":"","sticky":false,"template":"","format":"standard","meta":{"footnotes":""},"categories":[1852],"tags":[3364,29,548,663,3934,30,13,4949,14,15,2852,12,1971],"class_list":{"0":"post-164799","1":"post","2":"type-post","3":"status-publish","4":"format-standard","5":"has-post-thumbnail","7":"category-kiel","8":"tag-de","9":"tag-deutschland","10":"tag-eu","11":"tag-europa","12":"tag-europe","13":"tag-germany","14":"tag-headlines","15":"tag-kiel","16":"tag-nachrichten","17":"tag-news","18":"tag-ostsee","19":"tag-schlagzeilen","20":"tag-schleswig-holstein"},"share_on_mastodon":{"url":"https:\/\/pubeurope.com\/@de\/114625708380798765","error":""},"_links":{"self":[{"href":"https:\/\/www.europesays.com\/de\/wp-json\/wp\/v2\/posts\/164799","targetHints":{"allow":["GET"]}}],"collection":[{"href":"https:\/\/www.europesays.com\/de\/wp-json\/wp\/v2\/posts"}],"about":[{"href":"https:\/\/www.europesays.com\/de\/wp-json\/wp\/v2\/types\/post"}],"author":[{"embeddable":true,"href":"https:\/\/www.europesays.com\/de\/wp-json\/wp\/v2\/users\/2"}],"replies":[{"embeddable":true,"href":"https:\/\/www.europesays.com\/de\/wp-json\/wp\/v2\/comments?post=164799"}],"version-history":[{"count":0,"href":"https:\/\/www.europesays.com\/de\/wp-json\/wp\/v2\/posts\/164799\/revisions"}],"wp:featuredmedia":[{"embeddable":true,"href":"https:\/\/www.europesays.com\/de\/wp-json\/wp\/v2\/media\/164800"}],"wp:attachment":[{"href":"https:\/\/www.europesays.com\/de\/wp-json\/wp\/v2\/media?parent=164799"}],"wp:term":[{"taxonomy":"category","embeddable":true,"href":"https:\/\/www.europesays.com\/de\/wp-json\/wp\/v2\/categories?post=164799"},{"taxonomy":"post_tag","embeddable":true,"href":"https:\/\/www.europesays.com\/de\/wp-json\/wp\/v2\/tags?post=164799"}],"curies":[{"name":"wp","href":"https:\/\/api.w.org\/{rel}","templated":true}]}}