{"id":165051,"date":"2025-06-04T17:18:16","date_gmt":"2025-06-04T17:18:16","guid":{"rendered":"https:\/\/www.europesays.com\/de\/165051\/"},"modified":"2025-06-04T17:18:16","modified_gmt":"2025-06-04T17:18:16","slug":"anfahrt-und-oepnv-in-frankfurt","status":"publish","type":"post","link":"https:\/\/www.europesays.com\/de\/165051\/","title":{"rendered":"Anfahrt und \u00d6PNV in Frankfurt"},"content":{"rendered":"<p>Highlights im Stadtwald <\/p>\n<p>W\u00e4ldchestag und Club Dome: Das Wichtigste zum Verkehr<\/p>\n<p>04.06.2025 &#8211; 18:25 UhrLesedauer: 2 Min.<\/p>\n<p><a href=\"#focus-0\" class=\"transition-colors duration-200 focus-within:text-magenta block text-current relative\" data-sctrack=\"FocusGalleryImage.Reference\"><img fetchpriority=\"high\" data-testid=\"Opener.Image\" style=\"--lqipURL:url('https:\/\/images.t-online.de\/2022\/05\/92245518v4\/0x99:1920x1080\/fit-in\/150x0\/filters:blur(25)\/waeldchestag-archivbild-dieses-fest-gibt-es-nur-in-frankfurt-und-das-bereits-seit-1792.jpg')\"   loading=\"eager\" src=\"https:\/\/www.europesays.com\/de\/wp-content\/uploads\/2025\/06\/waeldchestag-archivbild-dieses-fest-gibt-es-nur-in-frankfurt-und-das-bereits-seit-1792.jpg\" alt=\"W\u00e4ldchestag (Archivbild): Dieses Fest gibt es nur in Frankfurt, und das bereits seit 1792.\" title=\"W\u00e4ldchestag (Archivbild): Dieses Fest gibt es nur in Frankfurt, und das bereits seit 1792.\" width=\"1920\" height=\"1080\" class=\"bg-[url:var(--lqipURL)] bg-cover bg-center flex w-full max-w-full h-full\" decoding=\"async\"\/><img style=\"--width:32;--height:32\" loading=\"lazy\" src=\"https:\/\/www.europesays.com\/de\/wp-content\/uploads\/2025\/04\/1745049674_75_zoom-in.f7dae02f.svg.svg+xml\" alt=\"Vergr\u00f6\u00dfern des Bildes\" title=\"Vergr\u00f6\u00dfern des Bildes\" class=\"&#10;        block&#10;        h-[calc(var(--height)_\/_16_*_1rem)]&#10;        w-[calc(var(--width)_\/_16_*_1rem)]&#10;        max-w-none&#10;        absolute bottom-8 right-8 rounded-4 bg-snow p-8\" decoding=\"async\"\/><\/a><\/p>\n<p>W\u00e4ldchestag (Archivbild): Dieses Fest gibt es nur in Frankfurt, und das bereits seit 1792. (Quelle: brennweiteffm\/imago-images-bilder)<\/p>\n<p class=\"font-bold text-18 leading-17\">Zwei Gro\u00dfevents im Stadtwald: Beim W\u00e4ldchestag und dem World Club Dome wird in Frankfurt parallel gefeiert. Was Besucher wissen m\u00fcssen.<\/p>\n<p class=\"text-18 leading-17\">Vom 6. bis zum 10. Juni verwandelt sich der Frankfurter Stadtwald gleich zweimal: Tags\u00fcber lockt der traditionelle W\u00e4ldchestag mit Fahrgesch\u00e4ften, Bierzelt und Familienprogramm. Abends tanzen Tausende beim World Club Dome im nahegelegenen Waldstadion. Um ein Chaos zu vermeiden, gibt es ein zus\u00e4tzliches Verkehrsangebot.<\/p>\n<p class=\"text-18 leading-17\">Der W\u00e4ldchestag, offiziell am Dienstag, 10. Juni, wird in Frankfurt als &#8222;Nationalfeiertag&#8220; begangen. Das Volksfest beginnt am Freitag vor dem Pfingstwochenende. Gleichzeitig bringt der <a class=\"transition-colors duration-200 cursor-pointer text-inherit no-underline text-salemsfur md:hover:text-magenta md:hover:border-magenta md:focus:text-magenta border-current border-b border-solid break-words\" href=\"https:\/\/frankfurt.t-online.de\/region\/frankfurt-am-main\/id_100657108\/frankfurt-50-cent-live-beim-world-club-dome-festival.html\" data-sctrack=\"BodyAnchor\" rel=\"nofollow noopener\" target=\"_blank\">World Club Dome<\/a> vom 6. bis zum 8. Juni internationale Top-DJs auf das Gel\u00e4nde des Waldstadions. Wer m\u00f6chte, kann an beiden Festen teilnehmen: Sie liegen nur eine Haltestelle voneinander entfernt.<\/p>\n<p class=\"text-18 leading-17\">Zwischen dem 6. und 10. Juni setzt die Stadt auf ein erweitertes \u00d6PNV-Angebot. Die Stra\u00dfenbahnlinie 21 f\u00e4hrt direkt \u00fcber den Hauptbahnhof zum Oberforsthaus, von dort aus ist das W\u00e4ldche schnell erreichbar. Die Sonderlinie 20 bringt zus\u00e4tzliche Kapazit\u00e4ten. F\u00fcr den World Club Dome fahren Besucher einfach eine Station weiter bis &#8222;Stadion&#8220;. Zus\u00e4tzlich verkehren die S-Bahnlinien S7, S8, S9 sowie Regionalz\u00fcge zum Stadion. Die Eintrittskarte gilt als RMV-KombiTicket.<\/p>\n<p class=\"text-18 leading-17\">Auch die Buslinien 61 und 80 bieten vom S\u00fcdbahnhof aus mehr Fahrten, teilweise mit Gelenkbussen. Die Linie 80 h\u00e4lt ab Mittag auch am Oberforsthaus. Einschr\u00e4nkungen gibt es bei den Linien 15 und 84, die nur verk\u00fcrzt verkehren.<\/p>\n<p class=\"text-18 leading-17\">Beim W\u00e4ldchestag erwartet Besucher ein klassisches Volksfest: Elf gro\u00dfe Fahrgesch\u00e4fte wie Riesenrad, Wilde Maus oder Break Dancer, dazu acht Fahrgesch\u00e4fte f\u00fcr Kinder, 17 S\u00fc\u00dfwarenst\u00e4nde und 59 Gastronomiebuden mit Spezialit\u00e4ten aus der Region.<\/p>\n<p class=\"text-18 leading-17\">Die Wurzeln des Festes: Fr\u00fcher schlossen mittags B\u00fcros und Gesch\u00e4fte, damit sich alle im Wald treffen konnten. Bis in die 90er Jahre war diese Tradition weitverbreitet.&#8220; Der W\u00e4ldchestag ist der Nationalfeiertag unserer Stadt&#8220;, sagt Oberb\u00fcrgermeister Mike Josef (SPD).<\/p>\n<p class=\"text-18 leading-17\">Das Fest beginnt am Freitag, 6. Juni, um 17 Uhr. Um 19 Uhr folgt ein Rundgang mit dem Oberb\u00fcrgermeister. Am Wochenende ist jeweils bis 1 Uhr ge\u00f6ffnet, Montag und Dienstag bis 24 Uhr. Weitere Informationen gibt es unter rmv-frankfurt.de oder \u00fcber die Hotline 069\/2424-8024. Die RMV-App &#8222;RMVGo&#8220; bietet aktuelle Fahrpl\u00e4ne und Verbindungen.<\/p>\n","protected":false},"excerpt":{"rendered":"Highlights im Stadtwald W\u00e4ldchestag und Club Dome: Das Wichtigste zum Verkehr 04.06.2025 &#8211; 18:25 UhrLesedauer: 2 Min. W\u00e4ldchestag&hellip;\n","protected":false},"author":2,"featured_media":165052,"comment_status":"","ping_status":"","sticky":false,"template":"","format":"standard","meta":{"footnotes":""},"categories":[1829],"tags":[3092,29,7824,2050,2051,30,2052,8659,14416,601,57300],"class_list":{"0":"post-165051","1":"post","2":"type-post","3":"status-publish","4":"format-standard","5":"has-post-thumbnail","7":"category-frankfurt-am-main","8":"tag-3092","9":"tag-deutschland","10":"tag-fahrgeschaeft","11":"tag-frankfurt","12":"tag-frankfurt-am-main","13":"tag-germany","14":"tag-hessen","15":"tag-highlight","16":"tag-stadtwald","17":"tag-verkehr","18":"tag-waeldchestag"},"share_on_mastodon":{"url":"https:\/\/pubeurope.com\/@de\/114626239174576278","error":""},"_links":{"self":[{"href":"https:\/\/www.europesays.com\/de\/wp-json\/wp\/v2\/posts\/165051","targetHints":{"allow":["GET"]}}],"collection":[{"href":"https:\/\/www.europesays.com\/de\/wp-json\/wp\/v2\/posts"}],"about":[{"href":"https:\/\/www.europesays.com\/de\/wp-json\/wp\/v2\/types\/post"}],"author":[{"embeddable":true,"href":"https:\/\/www.europesays.com\/de\/wp-json\/wp\/v2\/users\/2"}],"replies":[{"embeddable":true,"href":"https:\/\/www.europesays.com\/de\/wp-json\/wp\/v2\/comments?post=165051"}],"version-history":[{"count":0,"href":"https:\/\/www.europesays.com\/de\/wp-json\/wp\/v2\/posts\/165051\/revisions"}],"wp:featuredmedia":[{"embeddable":true,"href":"https:\/\/www.europesays.com\/de\/wp-json\/wp\/v2\/media\/165052"}],"wp:attachment":[{"href":"https:\/\/www.europesays.com\/de\/wp-json\/wp\/v2\/media?parent=165051"}],"wp:term":[{"taxonomy":"category","embeddable":true,"href":"https:\/\/www.europesays.com\/de\/wp-json\/wp\/v2\/categories?post=165051"},{"taxonomy":"post_tag","embeddable":true,"href":"https:\/\/www.europesays.com\/de\/wp-json\/wp\/v2\/tags?post=165051"}],"curies":[{"name":"wp","href":"https:\/\/api.w.org\/{rel}","templated":true}]}}