{"id":165150,"date":"2025-06-04T18:09:11","date_gmt":"2025-06-04T18:09:11","guid":{"rendered":"https:\/\/www.europesays.com\/de\/165150\/"},"modified":"2025-06-04T18:09:11","modified_gmt":"2025-06-04T18:09:11","slug":"frankreich-entfuehrte-wachsfigur-von-macron-kehrt-ins-museum-zurueck","status":"publish","type":"post","link":"https:\/\/www.europesays.com\/de\/165150\/","title":{"rendered":"Frankreich: Entf\u00fchrte Wachsfigur von Macron kehrt ins Museum zur\u00fcck"},"content":{"rendered":"<p>\t\t\t\t\t\t\t\t\t\t\t\t\t\t\t\t\t\t\t\t\t\t\t\t\t\t\t\t      \t\t            \t\t             \t\t\t\t   \t\t\t\t\t   <img decoding=\"async\" id=\"article-image\" fetchpriority=\"high\" alt=\"Frankreich: Entf\u00fchrte Wachsfigur von Macron kehrt ins Museum zur\u00fcck\" title=\"Frankreich: Entf\u00fchrte Wachsfigur von Macron kehrt ins Museum zur\u00fcck\" src=\"https:\/\/www.europesays.com\/de\/wp-content\/uploads\/2025\/06\/media.media.79c55c54-7580-42f9-8646-572f2dd845b9.16x9_700.jpg\" data-linkto=\"https:\/\/www.stuttgarter-nachrichten.de\/javascript:void(0);\"\/>\t\t\t\t\t\t\t\t\t\t\t\t\t\t\t\t\t\t\t\t\t\t\t\tDie Wachsfigur von Emmanuel Macron ist wieder ins Museum zur\u00fcckgekehrt.\u00a0Foto: XAVIER GALIANA\/AFP\/XAVIER GALIANA\t\t\t<\/p>\n<p>Aktivisten entf\u00fchren die Wachsfigur von Pr\u00e4sident Macron in Paris. Nach Zwischenstopps vor der russischen Botschaft, einer Konzernzentrale und bei der Polizei ist sie wieder im Museum.<\/p>\n<p>Eine von Greenpeace-Aktivisten aus einem Museum in Paris weggeschaffte Wachsfigur von Pr\u00e4sident Emmanuel Macron ist nach Angaben des Museums wieder wohlbehalten in die Ausstellungsr\u00e4ume zur\u00fcckgekehrt. Der Museumsdirektor sei nachts alarmiert worden, weil der Wachs-Macron herrenlos vor der Zentrale des Stromkonzerns EDF herumgestanden habe, teilte das Mus\u00e9e Gr\u00e9vin mit, wie das Magazin \u201eParis Match\u201c berichtete. Polizeibeamte h\u00e4tten die Macron-Figur mit auf die Wache genommen.<\/p>\n<p>Nachdem Museumsmitarbeiter \u00fcberpr\u00fcft hatten, dass der Wachs-Macron seinen Ausflug aus dem Museum unbeschadet \u00fcberstanden hatte, \u00fcbernahmen sie ihn aus der polizeilichen Obhut und stellten ihn wieder hinter seinen Museumsschreibtisch.<\/p>\n<p>Protest gegen Importe aus Russland <\/p>\n<p>Aus Protest gegen Frankreichs Gas- und D\u00fcngemittelimporte aus Russland hatten Greenpeace-Aktivisten die Wachsfigur am Montag aus dem Museum weggeschafft und vor die russische Botschaft gestellt. Es sei darum gegangen, Macrons widerspr\u00fcchliche Politik anzuprangern, der einerseits die Ukraine unterst\u00fctze, andererseits aber am Handel mit Russland festhalte, hie\u00df es von Greenpeace.<\/p>\n<p>Vor der EDF-Zentrale hatte Greenpeace der Figur noch ein Schild mit der Aufschrift \u201ePoutine-Macron Alli\u00e9s radioactifs\u201c (Putin-Macron radioaktive Alliierte) umgeh\u00e4ngt, um gegen die andauernde Zusammenarbeit von Frankreich und Russland bei der Kernenergie zu protestieren.<\/p>\n<p>Die Aktivisten waren bei ihrer Aktion sorgsam vorgegangen, hatten die Pr\u00e4sidentenfigur eingeh\u00fcllt und gleich den Museumsdirektor angerufen mit der Zusage, dass er seinen Macron nach der Protestaktion wohlbehalten zur\u00fcckerh\u00e4lt. Erwartet wird, dass das Museum seine Anzeige in dem Fall nun zur\u00fccknimmt. <\/p>\n","protected":false},"excerpt":{"rendered":"Die Wachsfigur von Emmanuel Macron ist wieder ins Museum zur\u00fcckgekehrt.\u00a0Foto: XAVIER GALIANA\/AFP\/XAVIER GALIANA Aktivisten entf\u00fchren die Wachsfigur von&hellip;\n","protected":false},"author":2,"featured_media":165151,"comment_status":"","ping_status":"","sticky":false,"template":"","format":"standard","meta":{"footnotes":""},"categories":[3974],"tags":[331,332,1356,548,663,3934,3980,156,13,14,15,1974,12],"class_list":{"0":"post-165150","1":"post","2":"type-post","3":"status-publish","4":"format-standard","5":"has-post-thumbnail","7":"category-frankreich","8":"tag-aktuelle-nachrichten","9":"tag-aktuelle-news","10":"tag-emmanuel-macron","11":"tag-eu","12":"tag-europa","13":"tag-europe","14":"tag-france","15":"tag-frankreich","16":"tag-headlines","17":"tag-nachrichten","18":"tag-news","19":"tag-panorama","20":"tag-schlagzeilen"},"share_on_mastodon":{"url":"https:\/\/pubeurope.com\/@de\/114626439668848621","error":""},"_links":{"self":[{"href":"https:\/\/www.europesays.com\/de\/wp-json\/wp\/v2\/posts\/165150","targetHints":{"allow":["GET"]}}],"collection":[{"href":"https:\/\/www.europesays.com\/de\/wp-json\/wp\/v2\/posts"}],"about":[{"href":"https:\/\/www.europesays.com\/de\/wp-json\/wp\/v2\/types\/post"}],"author":[{"embeddable":true,"href":"https:\/\/www.europesays.com\/de\/wp-json\/wp\/v2\/users\/2"}],"replies":[{"embeddable":true,"href":"https:\/\/www.europesays.com\/de\/wp-json\/wp\/v2\/comments?post=165150"}],"version-history":[{"count":0,"href":"https:\/\/www.europesays.com\/de\/wp-json\/wp\/v2\/posts\/165150\/revisions"}],"wp:featuredmedia":[{"embeddable":true,"href":"https:\/\/www.europesays.com\/de\/wp-json\/wp\/v2\/media\/165151"}],"wp:attachment":[{"href":"https:\/\/www.europesays.com\/de\/wp-json\/wp\/v2\/media?parent=165150"}],"wp:term":[{"taxonomy":"category","embeddable":true,"href":"https:\/\/www.europesays.com\/de\/wp-json\/wp\/v2\/categories?post=165150"},{"taxonomy":"post_tag","embeddable":true,"href":"https:\/\/www.europesays.com\/de\/wp-json\/wp\/v2\/tags?post=165150"}],"curies":[{"name":"wp","href":"https:\/\/api.w.org\/{rel}","templated":true}]}}