{"id":165195,"date":"2025-06-04T18:33:10","date_gmt":"2025-06-04T18:33:10","guid":{"rendered":"https:\/\/www.europesays.com\/de\/165195\/"},"modified":"2025-06-04T18:33:10","modified_gmt":"2025-06-04T18:33:10","slug":"helaba-mietet-8000-quadratmeter-an-der-schwannstrasse","status":"publish","type":"post","link":"https:\/\/www.europesays.com\/de\/165195\/","title":{"rendered":"Helaba mietet 8000 Quadratmeter an der Schwannstra\u00dfe"},"content":{"rendered":"<p class=\"text_ohne_einzug richtext text-em-55 !leading-serif mx-6 desktop:mx-0\">Was den Immobilienmarkt betrifft, erlebt die kleine Schwannstra\u00dfe in Golzheim gerade gro\u00dfe Bewegungen. Am hinteren Teil wurde vor Kurzem der B\u00fcroklotz \u201eKennedydamm-Center\u201c verkauft, der neue Eigent\u00fcmer will dort Hunderte Wohnungen entwickeln. Gegen\u00fcber, an Hausnummer 12, ist gerade eine Landes-Fl\u00fcchtlingsunterkunft fertiggestellt worden. Im Geb\u00e4ude daneben, dem \u201eInfinity Office\u201c, residiert seit April die neue Niederlassung D\u00fcsseldorf des BLB NRW \u2013 dieser Mietvertragsabschluss war 2024 der gr\u00f6\u00dfte im ganzen Stadtgebiet. Jetzt gibt es im benachbarten Objekt einen noch gr\u00f6\u00dferen Deal.<\/p>\n","protected":false},"excerpt":{"rendered":"Was den Immobilienmarkt betrifft, erlebt die kleine Schwannstra\u00dfe in Golzheim gerade gro\u00dfe Bewegungen. Am hinteren Teil wurde vor&hellip;\n","protected":false},"author":2,"featured_media":165196,"comment_status":"","ping_status":"","sticky":false,"template":"","format":"standard","meta":{"footnotes":""},"categories":[1831],"tags":[5934,3364,29,3405,10019,30,27179,57331,57328,13318,7343,57329,1209,30702,57330,9593,17016,524],"class_list":{"0":"post-165195","1":"post","2":"type-post","3":"status-publish","4":"format-standard","5":"has-post-thumbnail","7":"category-duesseldorf","8":"tag-umzug","9":"tag-de","10":"tag-deutschland","11":"tag-duesseldorf","12":"tag-gebaeude","13":"tag-germany","14":"tag-groesste","15":"tag-groesster","16":"tag-helaba","17":"tag-kennedydamm","18":"tag-landes","19":"tag-landesbank","20":"tag-nordrhein-westfalen","21":"tag-quadratmeter","22":"tag-schwannstrasse","23":"tag-stand","24":"tag-standort","25":"tag-strasse"},"share_on_mastodon":{"url":"https:\/\/pubeurope.com\/@de\/114626534186706731","error":""},"_links":{"self":[{"href":"https:\/\/www.europesays.com\/de\/wp-json\/wp\/v2\/posts\/165195","targetHints":{"allow":["GET"]}}],"collection":[{"href":"https:\/\/www.europesays.com\/de\/wp-json\/wp\/v2\/posts"}],"about":[{"href":"https:\/\/www.europesays.com\/de\/wp-json\/wp\/v2\/types\/post"}],"author":[{"embeddable":true,"href":"https:\/\/www.europesays.com\/de\/wp-json\/wp\/v2\/users\/2"}],"replies":[{"embeddable":true,"href":"https:\/\/www.europesays.com\/de\/wp-json\/wp\/v2\/comments?post=165195"}],"version-history":[{"count":0,"href":"https:\/\/www.europesays.com\/de\/wp-json\/wp\/v2\/posts\/165195\/revisions"}],"wp:featuredmedia":[{"embeddable":true,"href":"https:\/\/www.europesays.com\/de\/wp-json\/wp\/v2\/media\/165196"}],"wp:attachment":[{"href":"https:\/\/www.europesays.com\/de\/wp-json\/wp\/v2\/media?parent=165195"}],"wp:term":[{"taxonomy":"category","embeddable":true,"href":"https:\/\/www.europesays.com\/de\/wp-json\/wp\/v2\/categories?post=165195"},{"taxonomy":"post_tag","embeddable":true,"href":"https:\/\/www.europesays.com\/de\/wp-json\/wp\/v2\/tags?post=165195"}],"curies":[{"name":"wp","href":"https:\/\/api.w.org\/{rel}","templated":true}]}}