{"id":165234,"date":"2025-06-04T18:53:09","date_gmt":"2025-06-04T18:53:09","guid":{"rendered":"https:\/\/www.europesays.com\/de\/165234\/"},"modified":"2025-06-04T18:53:09","modified_gmt":"2025-06-04T18:53:09","slug":"krimilesung-bei-mrs-books-in-meerbusch","status":"publish","type":"post","link":"https:\/\/www.europesays.com\/de\/165234\/","title":{"rendered":"Krimilesung bei \u201eMrs. Books\u201c in Meerbusch"},"content":{"rendered":"<p class=\"text_ohne_einzug richtext text-em-55 !leading-serif mx-6 desktop:mx-0\"> \u201eF\u00fcnfzehn Sekunden\u201c ist der Titel eines Krimis, der in Teilen am Donnerstag, 12. Juni, um 19.30 Uhr in der Lanker Buchhandlung \u201eMrs. Books\u201c zu h\u00f6ren ist. Autorin Chris Warnat liest an der Hauptstra\u00dfe 35 aus ihrem Werk vor.<\/p>\n<p class=\"richtext text-em-55 !leading-serif mx-6 desktop:mx-0\">Worum geht es? Aus der n\u00e4chtlichen Dunkelheit des Waldes st\u00fcrzt ein Mann direkt vor Farahs Wagen. Als sein K\u00f6rper die Windschutzscheibe zerschl\u00e4gt, scheint auch Farahs Herz f\u00fcr einen Augenblick stillzustehen. Doch dann richtet sich der Mann wieder auf und l\u00e4uft einfach weiter. Benommen folgt Farah ihm. Und ahnt dabei nicht, dass eine weitere Gestalt durch die Dunkelheit streift. \u201eDer Krimi ist psychologisch, fesselnd und voller spannender Wendungen\u201c, schreibt Buchh\u00e4ndlerin Maxi von Zittwitz in der Ank\u00fcndigung. Chris Warnat, 1986 in <a href=\"https:\/\/rp-online.de\/thema\/oldenburg\/\" rel=\"nofollow noopener\" target=\"_blank\">Oldenburg<\/a> geboren, studierte Betriebswirtschaftslehre und war als Journalistin in K\u00f6ln als Gerichtsreporterin t\u00e4tig. \u201eF\u00fcnfzehn Sekunden\u201c ist ihr erster Thriller.<\/p>\n<p class=\"richtext text-em-55 !leading-serif mx-6 desktop:mx-0\">Moderiert wird der Abend in Lank von Leon Sachs, der vergangenen Herbst bei \u201eMrs. Books\u201c gelesen hat. Der Eintritt kostet 18 Euro. Karten sind in der Buchhandlung erh\u00e4ltlich, per Telefon unter 02150 5437 oder E-Mail an <a href=\"https:\/\/rp-online.de\/nrw\/staedte\/meerbusch\/blocked::mailto:lank@mrsbooks.de\" target=\"_blank\" rel=\"nofollow noopener\">lank@mrsbooks.de<\/a>.<\/p>\n","protected":false},"excerpt":{"rendered":"\u201eF\u00fcnfzehn Sekunden\u201c ist der Titel eines Krimis, der in Teilen am Donnerstag, 12. Juni, um 19.30 Uhr in&hellip;\n","protected":false},"author":2,"featured_media":165235,"comment_status":"","ping_status":"","sticky":false,"template":"","format":"standard","meta":{"footnotes":""},"categories":[1774],"tags":[57346,57347,57350,57344,57349,10995,11000,57348,57345,57343,5978,1784,1797,1785,3884,51445,29,214,30,12372,57342,19422,215,57341],"class_list":{"0":"post-165234","1":"post","2":"type-post","3":"status-publish","4":"format-standard","5":"has-post-thumbnail","7":"category-buecher","8":"tag-20books","9":"tag-20buchhandlung","10":"tag-20sekunden","11":"tag-20warnat","12":"tag-22chris","13":"tag-22target","14":"tag-22url","15":"tag-2fchris","16":"tag-2fmrsbooks","17":"tag-40mrsbooks","18":"tag-blank","19":"tag-books","20":"tag-buch","21":"tag-buecher","22":"tag-buchhandlung","23":"tag-chris","24":"tag-deutschland","25":"tag-entertainment","26":"tag-germany","27":"tag-mrs","28":"tag-mrsbooks","29":"tag-sekunden","30":"tag-unterhaltung","31":"tag-warnat"},"share_on_mastodon":{"url":"https:\/\/pubeurope.com\/@de\/114626612695471751","error":""},"_links":{"self":[{"href":"https:\/\/www.europesays.com\/de\/wp-json\/wp\/v2\/posts\/165234","targetHints":{"allow":["GET"]}}],"collection":[{"href":"https:\/\/www.europesays.com\/de\/wp-json\/wp\/v2\/posts"}],"about":[{"href":"https:\/\/www.europesays.com\/de\/wp-json\/wp\/v2\/types\/post"}],"author":[{"embeddable":true,"href":"https:\/\/www.europesays.com\/de\/wp-json\/wp\/v2\/users\/2"}],"replies":[{"embeddable":true,"href":"https:\/\/www.europesays.com\/de\/wp-json\/wp\/v2\/comments?post=165234"}],"version-history":[{"count":0,"href":"https:\/\/www.europesays.com\/de\/wp-json\/wp\/v2\/posts\/165234\/revisions"}],"wp:featuredmedia":[{"embeddable":true,"href":"https:\/\/www.europesays.com\/de\/wp-json\/wp\/v2\/media\/165235"}],"wp:attachment":[{"href":"https:\/\/www.europesays.com\/de\/wp-json\/wp\/v2\/media?parent=165234"}],"wp:term":[{"taxonomy":"category","embeddable":true,"href":"https:\/\/www.europesays.com\/de\/wp-json\/wp\/v2\/categories?post=165234"},{"taxonomy":"post_tag","embeddable":true,"href":"https:\/\/www.europesays.com\/de\/wp-json\/wp\/v2\/tags?post=165234"}],"curies":[{"name":"wp","href":"https:\/\/api.w.org\/{rel}","templated":true}]}}