{"id":165507,"date":"2025-06-04T21:21:12","date_gmt":"2025-06-04T21:21:12","guid":{"rendered":"https:\/\/www.europesays.com\/de\/165507\/"},"modified":"2025-06-04T21:21:12","modified_gmt":"2025-06-04T21:21:12","slug":"koeln-als-geisterstadt-20-000-menschen-mussten-wegen-bombenentschaerfung-ihre-wohnungen-raeumen-panorama","status":"publish","type":"post","link":"https:\/\/www.europesays.com\/de\/165507\/","title":{"rendered":"K\u00f6ln als Geisterstadt: 20.000 Menschen mussten wegen Bombenentsch\u00e4rfung ihre Wohnungen r\u00e4umen &#8211; Panorama"},"content":{"rendered":"<p>\t\t\t<strong><br \/>\n\t\t\t\t\t\t\t\t\t\t\t\t\tUnwirkliche Szenen in der viertgr\u00f6\u00dften Stadt Deutschlands: Alle Bewohner mussten aus dem Zentrum raus &#8211; der Zweite Weltkrieg wirkt nach. Am Ende geht alles schneller als erwartet.<br \/>\n\t\t\t\t\t\t\t<\/strong><br \/>\n\t\t\t\u00a0<\/p>\n<p>\t\t\t\t\t\t\t\t\t\t<img decoding=\"async\"  src=\"https:\/\/www.europesays.com\/de\/wp-content\/uploads\/2025\/06\/439674735-w-640.jpg\" title=\"Menschenleere Domplatte  | Foto: Christoph Reichwein (dpa)\" alt=\"Menschenleere Domplatte  | Foto: Christoph Reichwein (dpa)\" aria-labelledby=\"imgLabel1\" width=\"980\" height=\"653\" fetchpriority=\"high\" class=\"artImg artImg-as32\"\/><\/p>\n<p>\t\t\t\t\t\t\t\t\t\t\t\tMenschenleere Domplatte\t\t\t\t\t\t\t\t\t\t\t\tFoto: Christoph\u00a0Reichwein\u00a0(dpa)\t\t\t\t\t\t\t\t\t\t\t<\/p>\n<p>Leer gefegte Stra\u00dfen, geschlossene Gesch\u00e4fte und eine verlassene RTL-Sendezentrale: Die K\u00f6lner City hat sich durch die gr\u00f6\u00dfte Evakuierung seit 1945 in eine Geisterstadt verwandelt. Mehr als 20.000 Menschen mussten ihre Wohnungen verlassen. Am Abend wurden dann am Rheinufer im Stadtteil Deutz drei amerikanische Bomben aus dem Zweiten Weltkrieg entsch\u00e4rft.<\/p>\n<p>Gegen 19.19 Uhr hatten Spezialisten des Kampfmittel-R\u00e4umdienstes alle drei Bomben unsch\u00e4dlich gemacht &#8211; und damit schneller als erwartet: in nur rund einer statt der veranschlagten mindestens eineinhalb Stunden. Stra\u00dfen und Br\u00fccken wurden nach und nach wieder freigegeben, die Anwohner konnten in ihre Wohnungen zur\u00fcckkehren. Mit Verkehrsbehinderungen musste noch eine Weile gerechnet werden.<\/p>\n<p>K\u00f6lns Oberb\u00fcrgermeisterin Henriette Reker dankte allen Beteiligten, &#8222;die die gr\u00f6\u00dfte Evakuierungsaktion in K\u00f6ln seit 1945 so herausragend professionell durchgef\u00fchrt haben&#8220;.<\/p>\n<p>\t\t\t\t\t\t\t\t\t\t<img decoding=\"async\"  src=\"https:\/\/www.europesays.com\/de\/wp-content\/uploads\/2025\/06\/439674740-w-640.jpg\" title=\"Krankenwagen auf dem Weg zum Eduardus-Krankenhaus, um Patienten zu evakuieren  | Foto: Henning Kaiser (dpa)\" alt=\"Krankenwagen auf dem Weg zum Eduardus-Krankenhaus, um Patienten zu evakuieren  | Foto: Henning Kaiser (dpa)\" aria-labelledby=\"imgLabel2\" width=\"980\" height=\"653\" fetchpriority=\"high\" class=\"artImg artImg-as32\"\/><\/p>\n<p>\t\t\t\t\t\t\t\t\t\t\t\tKrankenwagen auf dem Weg zum Eduardus-Krankenhaus, um Patienten zu evakuieren\t\t\t\t\t\t\t\t\t\t\t\tFoto: Henning\u00a0Kaiser\u00a0(dpa)\t\t\t\t\t\t\t\t\t\t\t<\/p>\n<p>In einem 1.000-Meter-Radius rund um die Fundstelle im Stadtteil Deutz hie\u00df es zuvor: Alle m\u00fcssen raus. Betroffen waren mehrere gro\u00dfe Unternehmen, neun Schulen und 58 Hotels. In der Sperrzone lagen auch ein Krankenhaus, zwei Alten- und Pflegeheime, viele Museen und der Fernsehsender RTL. Auch der Bahnhof K\u00f6ln-Messe\/Deutz wurde gesperrt. Weil mit der Hohenzollernbr\u00fccke am K\u00f6lner Dom zudem die meistbefahrene deutsche Eisenbahnbr\u00fccke gesperrt wurde, kam der Bahnverkehr \u00fcber den Rhein zum K\u00f6lner Hauptbahnhof zum Erliegen.<\/p>\n<p class=\"ngZwiti\">Ein Verweigerer<\/p>\n<p>Lediglich ein Bewohner in der K\u00f6lner Altstadt hatte sich geweigert, seine Wohnung zu verlassen und damit den Beginn der Entsch\u00e4rfung verz\u00f6gert. Schlie\u00dflich musste auch noch eine Person in Deutz in Sicherheit gebracht werden.<\/p>\n<p>Zuvor waren die Evakuierungsma\u00dfnahmen nach Plan verlaufen. Auch drei zentrale Br\u00fccken wurden f\u00fcr den Verkehr gesperrt. Dann sollten sich in der gesamten Evakuierungszone nur noch zwei Experten der Kampfmittelbeseitigung aufhalten.<\/p>\n<p class=\"ngZwiti\">Die am dichtesten besiedelte Innenstadt Europas leert sich<\/p>\n<p>Seit dem Morgen wurden Stra\u00dfensperren rund um den Sperrbezirk errichtet. Mitarbeiterinnen und Mitarbeiter des Ordnungsamtes gingen umher und checkten, ob wirklich alles leer ist. Stra\u00dfe f\u00fcr Stra\u00dfe, Haus um Haus. Ein ganzes St\u00fcck Arbeit, denn die K\u00f6lner Innenstadt ist laut Ralf Mayer, Leiter des Ordnungsamtes, die am dichtesten besiedelte in ganz Europa.<\/p>\n<p>Die Feuerwehr setzte erstmals testweise eine Drohne mit Kamera ein, um zu beobachten, ob sich Menschen in der Evakuierungszone aufhalten. Die Drohne sei auch mit W\u00e4rmebildkamera und einem Lautsprecher ausgestattet, sagte ein Sprecher.<\/p>\n<p>\t\t\t\t\t\t\t\t\t\t<img decoding=\"async\"  src=\"https:\/\/www.europesays.com\/de\/wp-content\/uploads\/2025\/06\/439674745-w-640.jpg\" title=\"Menschen warten auf das Ende der Evakuierung.  | Foto: Henning Kaiser (dpa)\" alt=\"Menschen warten auf das Ende der Evakuierung.  | Foto: Henning Kaiser (dpa)\" aria-labelledby=\"imgLabel3\" width=\"980\" height=\"653\" fetchpriority=\"high\" class=\"artImg artImg-as32\"\/><\/p>\n<p>\t\t\t\t\t\t\t\t\t\t\t\tMenschen warten auf das Ende der Evakuierung.\t\t\t\t\t\t\t\t\t\t\t\tFoto: Henning\u00a0Kaiser\u00a0(dpa)\t\t\t\t\t\t\t\t\t\t\t<\/p>\n<p>Der Fernsehsender RTL sendete vor\u00fcbergehend aus dem Au\u00dfenbezirk K\u00f6ln-Ossendorf und aus Berlin. Die Lanxess-Arena musste einen Auftritt des Komikers Tedros &#8222;Teddy&#8220; Teclebrhan auf Sonntag verlegen, ein Konzert des WDR-Sinfonieorchesters in der Philharmonie wurde abgesagt.<\/p>\n<p>Paare, die im Historischen Rathaus heiraten wollten, mussten ihre Hochzeit immerhin nicht absagen &#8211; allerdings findet die Trauung nun im wenig glamour\u00f6sen Porz statt. Standesbeamtin Manuela Beilmann wei\u00df den Paaren den neuen Ort jedoch schmackhaft zu machen: &#8222;Hier ist der einzige Trauort, an dem sie direkt am Rhein heiraten k\u00f6nnen &#8211; mit Blick auf den Dom&#8220;, schw\u00e4rmt sie im WDR.<\/p>\n<p class=\"ngZwiti\">Endlich mal keine Parkplatznot<\/p>\n<p>8 Uhr, Stadtteil Deutz: Ausnahmsweise herrscht in dem rechtsrheinischen Viertel mal keine Parkplatznot. Viele Bewohner sind zu Familien oder Freunden au\u00dferhalb der Sperrzone gefahren \u2013 oft mit Notfallgep\u00e4ck im Kofferraum, denn wann sie wieder in ihre Wohnungen zur\u00fcckd\u00fcrfen, kann ihnen niemand sagen. &#8222;Mein Mann f\u00e4hrt zur Arbeit, unser Sohn geht nach der Schule zu Freunden, und ich fahre zu meinen Eltern&#8220;, sagt eine Deutzerin, die gerade die Haust\u00fcr hinter sich zuzieht. &#8222;Wenn es nicht anders geht, k\u00f6nnen wir da auch jeweils \u00fcbernachten.&#8220;<\/p>\n<p>An Laternenpfosten weisen Schilder den Weg zu Sammelpl\u00e4tzen, von denen ein Shuttle Service Personen, die nicht anderswo unterkommen k\u00f6nnen, zu Sammelstellen bringt. In sozialen Medien werben einige Lokale in der N\u00e4he speziell um Menschen, die nicht nach Hause k\u00f6nnen: &#8222;Kaffeemaschine ist an und Homeoffice k\u00f6nnt ihr auch bei uns machen&#8220;, schreibt ein Caf\u00e9-Besitzer. Ein Kleingartenbesitzer bietet &#8222;einen Ort zum Verweilen, auch mit Hund&#8220; an.<\/p>\n<p>Die Sperrung des Zentrums der viertgr\u00f6\u00dften Stadt Deutschlands mit insgesamt 1,1 Millionen Einwohnern strahlt weit ins Umland aus. Der Hauptbahnhof befindet sich zwar nicht im Evakuierungsbereich, wurde aber mit der Sperrung der Hohenzollernbr\u00fccke vor\u00fcbergehend zum Kopfbahnhof. Auch die Schifffahrt auf dem Rhein musste vor\u00fcbergehend pausieren.<\/p>\n<p class=\"ngZwiti\">In NRW werden j\u00e4hrlich 2.000 Bomben gefunden<\/p>\n<p>So wirkt der Zweite Weltkrieg auch nach \u00fcber 80 Jahren immer noch in den Alltag hinein. In ganz Nordrhein-Westfalen w\u00fcrden pro Jahr 1.500 bis 2.000 Bomben aus dem Zweiten Weltkrieg gefunden, von den gro\u00dfen Kalibern so wie jetzt in K\u00f6ln etwa 200 pro Jahr, sagte Kai Kulschewski, Dezernent f\u00fcr Kampfmittelbeseitigung bei der Bezirksregierung D\u00fcsseldorf, im WDR-&#8222;Morgenecho&#8220;.<\/p>\n<p>K\u00f6ln geh\u00f6rte zu den am st\u00e4rksten bombardierten St\u00e4dten des Zweiten Weltkriegs. Der einsame schwarze Dom inmitten einer kompletten Tr\u00fcmmerw\u00fcste wurde weit \u00fcber die Stadt hinaus zum Symbolbild f\u00fcr die Zerst\u00f6rungen des Krieges. Und so ist es an diesem Tag vermutlich emotional nicht unwichtig f\u00fcr die K\u00f6lnerinnen und K\u00f6lner, dass ihr geliebter Dom ganz knapp au\u00dferhalb der Sperrzone liegt. Touristen und Einwohner konnten dort weiterhin ein Kerzchen anz\u00fcnden.<\/p>\n<p>\t\t\t\t\t\t\t\t\t\t<strong>Schlagworte:<\/strong>\u00a0<a href=\"https:\/\/www.badische-zeitung.de\/person\/Kai+Kulschewski\" title=\"Kai Kulschewski\" style=\"white-space: nowrap;\" itemscope=\"\" itemtype=\"https:\/\/schema.org\/Person\" target=\"_blank\" rel=\"noopener\">Kai Kulschewski<\/a>, <a href=\"https:\/\/www.badische-zeitung.de\/person\/Manuela+Beilmann\" title=\"Manuela Beilmann\" style=\"white-space: nowrap;\" itemscope=\"\" itemtype=\"https:\/\/schema.org\/Person\" target=\"_blank\" rel=\"noopener\">Manuela Beilmann<\/a>, <a href=\"https:\/\/www.badische-zeitung.de\/person\/Tedros+%22Teddy%22+Teclebrhan\" title=\"Tedros &quot;Teddy&quot; Teclebrhan\" style=\"white-space: nowrap;\" itemscope=\"\" itemtype=\"https:\/\/schema.org\/Person\" target=\"_blank\" rel=\"noopener\">Tedros &#8222;Teddy&#8220; Teclebrhan<\/a><\/p>\n","protected":false},"excerpt":{"rendered":"Unwirkliche Szenen in der viertgr\u00f6\u00dften Stadt Deutschlands: Alle Bewohner mussten aus dem Zentrum raus &#8211; der Zweite Weltkrieg&hellip;\n","protected":false},"author":2,"featured_media":165508,"comment_status":"","ping_status":"","sticky":false,"template":"","format":"standard","meta":{"footnotes":""},"categories":[1828],"tags":[57408,16546,29,30,1420,2160,9834,1209,6053],"class_list":{"0":"post-165507","1":"post","2":"type-post","3":"status-publish","4":"format-standard","5":"has-post-thumbnail","7":"category-koeln","8":"tag-57408","9":"tag-16546","10":"tag-deutschland","11":"tag-germany","12":"tag-koeln","13":"tag-koelner","14":"tag-menschen","15":"tag-nordrhein-westfalen","16":"tag-stadtteil"},"share_on_mastodon":{"url":"https:\/\/pubeurope.com\/@de\/114627194841177950","error":""},"_links":{"self":[{"href":"https:\/\/www.europesays.com\/de\/wp-json\/wp\/v2\/posts\/165507","targetHints":{"allow":["GET"]}}],"collection":[{"href":"https:\/\/www.europesays.com\/de\/wp-json\/wp\/v2\/posts"}],"about":[{"href":"https:\/\/www.europesays.com\/de\/wp-json\/wp\/v2\/types\/post"}],"author":[{"embeddable":true,"href":"https:\/\/www.europesays.com\/de\/wp-json\/wp\/v2\/users\/2"}],"replies":[{"embeddable":true,"href":"https:\/\/www.europesays.com\/de\/wp-json\/wp\/v2\/comments?post=165507"}],"version-history":[{"count":0,"href":"https:\/\/www.europesays.com\/de\/wp-json\/wp\/v2\/posts\/165507\/revisions"}],"wp:featuredmedia":[{"embeddable":true,"href":"https:\/\/www.europesays.com\/de\/wp-json\/wp\/v2\/media\/165508"}],"wp:attachment":[{"href":"https:\/\/www.europesays.com\/de\/wp-json\/wp\/v2\/media?parent=165507"}],"wp:term":[{"taxonomy":"category","embeddable":true,"href":"https:\/\/www.europesays.com\/de\/wp-json\/wp\/v2\/categories?post=165507"},{"taxonomy":"post_tag","embeddable":true,"href":"https:\/\/www.europesays.com\/de\/wp-json\/wp\/v2\/tags?post=165507"}],"curies":[{"name":"wp","href":"https:\/\/api.w.org\/{rel}","templated":true}]}}