{"id":165516,"date":"2025-06-04T21:26:15","date_gmt":"2025-06-04T21:26:15","guid":{"rendered":"https:\/\/www.europesays.com\/de\/165516\/"},"modified":"2025-06-04T21:26:15","modified_gmt":"2025-06-04T21:26:15","slug":"berlin-brandenburg-vfl-potsdam-erlebt-debakel-in-eisenach","status":"publish","type":"post","link":"https:\/\/www.europesays.com\/de\/165516\/","title":{"rendered":"Berlin &#038; Brandenburg: VfL Potsdam erlebt Debakel in Eisenach"},"content":{"rendered":"<p>                    Berlin &amp; Brandenburg<br \/>\n                VfL Potsdam erlebt Debakel in Eisenach<\/p>\n<p>\t\t\t\t              04.06.2025, 20:42 Uhr<\/p>\n<p><strong>Potsdams Handballer gehen in Th\u00fcringen komplett unter. Am Sonntag geht es um einen w\u00fcrdigen Abschied aus der Bundesliga.<\/strong><\/p>\n<p>Eisenach (dpa\/bb) &#8211; Absteiger VfL Potsdam hat im vorletzten Saisonspiel der Handball-Bundesliga eine herbe Klatsche kassiert. Die v\u00f6llig \u00fcberforderten Brandenburger mussten sich beim ThSV Eisenach klar mit 19:37 (8:18) geschlagen geben. F\u00fcr Potsdam, das bereits seit Ende Mai als erster Absteiger feststeht, war es die 30. Niederlage in dieser Spielzeit. Zum Saisonabschluss empf\u00e4ngt die Mannschaft von Trainer Emir Kurtagic am Sonntag die MT Melsungen.<\/p>\n","protected":false},"excerpt":{"rendered":"Berlin &amp; Brandenburg VfL Potsdam erlebt Debakel in Eisenach 04.06.2025, 20:42 Uhr Potsdams Handballer gehen in Th\u00fcringen komplett&hellip;\n","protected":false},"author":2,"featured_media":165517,"comment_status":"","ping_status":"","sticky":false,"template":"","format":"standard","meta":{"footnotes":""},"categories":[1816],"tags":[1960,1958,1959,1957,296,1956,1890,57413,29,24490,30,7610,13371],"class_list":{"0":"post-165516","1":"post","2":"type-post","3":"status-publish","4":"format-standard","5":"has-post-thumbnail","7":"category-brandenburg","8":"tag-aktuelle-nachrichten-aus-berlin-und-brandenburg","9":"tag-aktuelle-nachrichten-aus-brandenburg","10":"tag-aktuelle-news-aus-berlin-und-brandenburg","11":"tag-aktuelle-news-aus-brandenburg","12":"tag-berlin","13":"tag-berlin-und-brandenburg","14":"tag-brandenburg","15":"tag-debakel","16":"tag-deutschland","17":"tag-eisenach","18":"tag-germany","19":"tag-potsdam","20":"tag-vfl"},"share_on_mastodon":{"url":"https:\/\/pubeurope.com\/@de\/114627214272851881","error":""},"_links":{"self":[{"href":"https:\/\/www.europesays.com\/de\/wp-json\/wp\/v2\/posts\/165516","targetHints":{"allow":["GET"]}}],"collection":[{"href":"https:\/\/www.europesays.com\/de\/wp-json\/wp\/v2\/posts"}],"about":[{"href":"https:\/\/www.europesays.com\/de\/wp-json\/wp\/v2\/types\/post"}],"author":[{"embeddable":true,"href":"https:\/\/www.europesays.com\/de\/wp-json\/wp\/v2\/users\/2"}],"replies":[{"embeddable":true,"href":"https:\/\/www.europesays.com\/de\/wp-json\/wp\/v2\/comments?post=165516"}],"version-history":[{"count":0,"href":"https:\/\/www.europesays.com\/de\/wp-json\/wp\/v2\/posts\/165516\/revisions"}],"wp:featuredmedia":[{"embeddable":true,"href":"https:\/\/www.europesays.com\/de\/wp-json\/wp\/v2\/media\/165517"}],"wp:attachment":[{"href":"https:\/\/www.europesays.com\/de\/wp-json\/wp\/v2\/media?parent=165516"}],"wp:term":[{"taxonomy":"category","embeddable":true,"href":"https:\/\/www.europesays.com\/de\/wp-json\/wp\/v2\/categories?post=165516"},{"taxonomy":"post_tag","embeddable":true,"href":"https:\/\/www.europesays.com\/de\/wp-json\/wp\/v2\/tags?post=165516"}],"curies":[{"name":"wp","href":"https:\/\/api.w.org\/{rel}","templated":true}]}}