{"id":165695,"date":"2025-06-04T23:00:11","date_gmt":"2025-06-04T23:00:11","guid":{"rendered":"https:\/\/www.europesays.com\/de\/165695\/"},"modified":"2025-06-04T23:00:11","modified_gmt":"2025-06-04T23:00:11","slug":"kinder-von-thomas-mann-im-bann-des-zauberers","status":"publish","type":"post","link":"https:\/\/www.europesays.com\/de\/165695\/","title":{"rendered":"Kinder von Thomas Mann: Im Bann des Zauberers"},"content":{"rendered":"<p class=\"paragraph\">Im Fr\u00fchjahr 1910 war Katia Mann schwanger mit dem vierten Kind. Doch ihr Gatte zeigte sich alles andere als begeistert dar\u00fcber, dass er erneut Vater wurde: &#8222;Wenn ich es zum f\u00fcnften Male werde, \u00fcbergie\u00dfe ich mich mit Petroleum und z\u00fcnde mich an&#8220;, schrieb <a class=\"rtr-entity\" href=\"https:\/\/www.zeit.de\/thema\/thomas-mann\" rel=\"nofollow noopener\" target=\"_blank\">Thomas Mann<\/a> einem Freund.\n<\/p>\n<p class=\"paragraph\">Als im April 1918 das f\u00fcnfte Kind folgte, war der Vater allerdings so vernarrt in das j\u00fcngste &#8222;Kindchen&#8220;, dass die \u00e4lteren Geschwister eifers\u00fcchtig be\u00e4ugten, wie der sonst so strenge Vater das Baby Elisabeth pausenlos herumtrug und bemutterte. Noch Monate sp\u00e4ter bezeichnete Mann es in seinem Tagebuch euphorisch als sein eigentlich &#8222;erstes Kind&#8220;. Gleichzeitig w\u00e4gte er n\u00fcchtern ab, ob er seiner inzwischen mit dem sechsten Kind schwangeren Frau zur Abtreibung raten sollte. Am Ende setzte sich Katia durch, doch Thomas Mann blieb skeptisch. W\u00e4hrend sie sich im April 1919 von der Geburt erholte, vermerkte er in seinem Tagebuch, dass er &#8222;f\u00fcr den Knaben bei Weitem die Z\u00e4rtlichkeit nicht aufbringe&#8220; wie f\u00fcr das zuvor geborene Kind.<\/p>\n","protected":false},"excerpt":{"rendered":"Im Fr\u00fchjahr 1910 war Katia Mann schwanger mit dem vierten Kind. Doch ihr Gatte zeigte sich alles andere&hellip;\n","protected":false},"author":2,"featured_media":165696,"comment_status":"","ping_status":"","sticky":false,"template":"","format":"standard","meta":{"footnotes":""},"categories":[155],"tags":[3100,3101,29,214,24704,553,30,2989,57442,57441,38196,1268,57443,38194,215,591],"class_list":{"0":"post-165695","1":"post","2":"type-post","3":"status-publish","4":"format-standard","5":"has-post-thumbnail","7":"category-unterhaltung","8":"tag-autor","9":"tag-belletristik","10":"tag-deutschland","11":"tag-entertainment","12":"tag-erbe","13":"tag-familie","14":"tag-germany","15":"tag-geschichte","16":"tag-katia-mann","17":"tag-kinder-von-thomas-mann","18":"tag-klaus-mann","19":"tag-muenchen","20":"tag-nobelpreis","21":"tag-thomas-mann","22":"tag-unterhaltung","23":"tag-wissen"},"share_on_mastodon":{"url":"https:\/\/pubeurope.com\/@de\/114627583921915919","error":""},"_links":{"self":[{"href":"https:\/\/www.europesays.com\/de\/wp-json\/wp\/v2\/posts\/165695","targetHints":{"allow":["GET"]}}],"collection":[{"href":"https:\/\/www.europesays.com\/de\/wp-json\/wp\/v2\/posts"}],"about":[{"href":"https:\/\/www.europesays.com\/de\/wp-json\/wp\/v2\/types\/post"}],"author":[{"embeddable":true,"href":"https:\/\/www.europesays.com\/de\/wp-json\/wp\/v2\/users\/2"}],"replies":[{"embeddable":true,"href":"https:\/\/www.europesays.com\/de\/wp-json\/wp\/v2\/comments?post=165695"}],"version-history":[{"count":0,"href":"https:\/\/www.europesays.com\/de\/wp-json\/wp\/v2\/posts\/165695\/revisions"}],"wp:featuredmedia":[{"embeddable":true,"href":"https:\/\/www.europesays.com\/de\/wp-json\/wp\/v2\/media\/165696"}],"wp:attachment":[{"href":"https:\/\/www.europesays.com\/de\/wp-json\/wp\/v2\/media?parent=165695"}],"wp:term":[{"taxonomy":"category","embeddable":true,"href":"https:\/\/www.europesays.com\/de\/wp-json\/wp\/v2\/categories?post=165695"},{"taxonomy":"post_tag","embeddable":true,"href":"https:\/\/www.europesays.com\/de\/wp-json\/wp\/v2\/tags?post=165695"}],"curies":[{"name":"wp","href":"https:\/\/api.w.org\/{rel}","templated":true}]}}