{"id":165856,"date":"2025-06-05T00:27:21","date_gmt":"2025-06-05T00:27:21","guid":{"rendered":"https:\/\/www.europesays.com\/de\/165856\/"},"modified":"2025-06-05T00:27:21","modified_gmt":"2025-06-05T00:27:21","slug":"aus-fuer-mark-zimmermann-beim-hfc-sportchef-meyer-aeussert-sich","status":"publish","type":"post","link":"https:\/\/www.europesays.com\/de\/165856\/","title":{"rendered":"Aus f\u00fcr Mark Zimmermann beim HFC? Sportchef Meyer \u00e4u\u00dfert sich"},"content":{"rendered":"<p>Sportchef Daniel Meyer \u00e4u\u00dferst sich\u00a0Muss Mark Zimmermann beim Halleschen FC gehen? So geht es in der Trainerfrage weiter<\/p>\n<p class=\"fp-article-heading__excerpt text-lg\">Die Saison endete f\u00fcr den Halleschen FC auf dem Papier zufriedenstellend, doch vor allem durch das schwache Pokalfinale gibt es Zweifel. Warum es nun f\u00fcr den HFC-Coach zum \u00c4u\u00dfersten kommen k\u00f6nnte.<\/p>\n<p>Von Christopher Kitsche Aktualisiert: 04.06.2025, 20:32<\/p>\n","protected":false},"excerpt":{"rendered":"Sportchef Daniel Meyer \u00e4u\u00dferst sich\u00a0Muss Mark Zimmermann beim Halleschen FC gehen? So geht es in der Trainerfrage weiter&hellip;\n","protected":false},"author":2,"featured_media":165857,"comment_status":"","ping_status":"","sticky":false,"template":"","format":"standard","meta":{"footnotes":""},"categories":[1860],"tags":[3364,29,548,663,3934,30,4062,17332,13,14,15,17331,860,12],"class_list":{"0":"post-165856","1":"post","2":"type-post","3":"status-publish","4":"format-standard","5":"has-post-thumbnail","7":"category-halle-saale","8":"tag-de","9":"tag-deutschland","10":"tag-eu","11":"tag-europa","12":"tag-europe","13":"tag-germany","14":"tag-halle","15":"tag-halle-saale","16":"tag-headlines","17":"tag-nachrichten","18":"tag-news","19":"tag-saale","20":"tag-sachsen-anhalt","21":"tag-schlagzeilen"},"share_on_mastodon":{"url":"https:\/\/pubeurope.com\/@de\/114627926433052223","error":""},"_links":{"self":[{"href":"https:\/\/www.europesays.com\/de\/wp-json\/wp\/v2\/posts\/165856","targetHints":{"allow":["GET"]}}],"collection":[{"href":"https:\/\/www.europesays.com\/de\/wp-json\/wp\/v2\/posts"}],"about":[{"href":"https:\/\/www.europesays.com\/de\/wp-json\/wp\/v2\/types\/post"}],"author":[{"embeddable":true,"href":"https:\/\/www.europesays.com\/de\/wp-json\/wp\/v2\/users\/2"}],"replies":[{"embeddable":true,"href":"https:\/\/www.europesays.com\/de\/wp-json\/wp\/v2\/comments?post=165856"}],"version-history":[{"count":0,"href":"https:\/\/www.europesays.com\/de\/wp-json\/wp\/v2\/posts\/165856\/revisions"}],"wp:featuredmedia":[{"embeddable":true,"href":"https:\/\/www.europesays.com\/de\/wp-json\/wp\/v2\/media\/165857"}],"wp:attachment":[{"href":"https:\/\/www.europesays.com\/de\/wp-json\/wp\/v2\/media?parent=165856"}],"wp:term":[{"taxonomy":"category","embeddable":true,"href":"https:\/\/www.europesays.com\/de\/wp-json\/wp\/v2\/categories?post=165856"},{"taxonomy":"post_tag","embeddable":true,"href":"https:\/\/www.europesays.com\/de\/wp-json\/wp\/v2\/tags?post=165856"}],"curies":[{"name":"wp","href":"https:\/\/api.w.org\/{rel}","templated":true}]}}