{"id":166055,"date":"2025-06-05T02:21:15","date_gmt":"2025-06-05T02:21:15","guid":{"rendered":"https:\/\/www.europesays.com\/de\/166055\/"},"modified":"2025-06-05T02:21:15","modified_gmt":"2025-06-05T02:21:15","slug":"bayern-stein-auf-fahrenden-zug-geworfen-polizei-ermittelt","status":"publish","type":"post","link":"https:\/\/www.europesays.com\/de\/166055\/","title":{"rendered":"Bayern: Stein auf fahrenden Zug geworfen &#8211; Polizei ermittelt"},"content":{"rendered":"<p>                    Bayern<br \/>\n                Stein auf fahrenden Zug geworfen &#8211; Polizei ermittelt<\/p>\n<p>\t\t\t\t              04.06.2025, 15:13 Uhr<\/p>\n<p><strong>Mit Tempo 100 ist ein G\u00fcterzug in Mittelfranken unterwegs, als ein Unbekannter einen Stein gegen die Frontscheibe wirft. Nun sucht die Mordkommission nach Zeugen.<\/strong><\/p>\n<p>Oberdachstetten (dpa\/lby) &#8211; Ein unbekannter T\u00e4ter hat im mittelfr\u00e4nkischen Landkreis Ansbach einen Stein auf die Frontscheibe eines fahrenden G\u00fcterzugs geworfen. Die Scheibe barst und der 58-j\u00e4hrige Lokf\u00fchrer wurde Polizeiangaben zufolge durch Glassplitter leicht verletzt, wie die Polizei mitteilt.<\/p>\n<p>Der G\u00fcterzug war den Angaben nach am Dienstagnachmittag auf dem Weg von Aschaffenburg nach Salzburg, als der Stein bei Oberdachstetten die Scheibe traf. Der Zug war laut Polizei zu diesem Zeitpunkt mit einem Tempo von rund 100 Kilometern pro Stunde unterwegs. Nach dem Vorfall wurde die Bahnstrecke vor\u00fcbergehend gesperrt, w\u00e4hrend die Polizei Spuren am Zug sicherte und in der Umgebung nach dem T\u00e4ter suchte \u2013 bislang ohne Erfolg.\u00a0<\/p>\n<p>Die Polizei ermittle wegen des Verdachts eines versuchten T\u00f6tungsdelikts und des gef\u00e4hrlichen Eingriffs in den Bahnverkehr. Die Ermittler bitten nun m\u00f6gliche Zeugen, die die Tat oder m\u00f6gliche Beteiligte beobachtet haben, um Hinweise.<\/p>\n","protected":false},"excerpt":{"rendered":"Bayern Stein auf fahrenden Zug geworfen &#8211; Polizei ermittelt 04.06.2025, 15:13 Uhr Mit Tempo 100 ist ein G\u00fcterzug&hellip;\n","protected":false},"author":2,"featured_media":166056,"comment_status":"","ping_status":"","sticky":false,"template":"","format":"standard","meta":{"footnotes":""},"categories":[1837],"tags":[772,3364,29,30,3783,121,10354,2036],"class_list":{"0":"post-166055","1":"post","2":"type-post","3":"status-publish","4":"format-standard","5":"has-post-thumbnail","7":"category-nuernberg","8":"tag-bayern","9":"tag-de","10":"tag-deutschland","11":"tag-germany","12":"tag-nuernberg","13":"tag-polizei","14":"tag-stein","15":"tag-zug"},"share_on_mastodon":{"url":"https:\/\/pubeurope.com\/@de\/114628374233284895","error":""},"_links":{"self":[{"href":"https:\/\/www.europesays.com\/de\/wp-json\/wp\/v2\/posts\/166055","targetHints":{"allow":["GET"]}}],"collection":[{"href":"https:\/\/www.europesays.com\/de\/wp-json\/wp\/v2\/posts"}],"about":[{"href":"https:\/\/www.europesays.com\/de\/wp-json\/wp\/v2\/types\/post"}],"author":[{"embeddable":true,"href":"https:\/\/www.europesays.com\/de\/wp-json\/wp\/v2\/users\/2"}],"replies":[{"embeddable":true,"href":"https:\/\/www.europesays.com\/de\/wp-json\/wp\/v2\/comments?post=166055"}],"version-history":[{"count":0,"href":"https:\/\/www.europesays.com\/de\/wp-json\/wp\/v2\/posts\/166055\/revisions"}],"wp:featuredmedia":[{"embeddable":true,"href":"https:\/\/www.europesays.com\/de\/wp-json\/wp\/v2\/media\/166056"}],"wp:attachment":[{"href":"https:\/\/www.europesays.com\/de\/wp-json\/wp\/v2\/media?parent=166055"}],"wp:term":[{"taxonomy":"category","embeddable":true,"href":"https:\/\/www.europesays.com\/de\/wp-json\/wp\/v2\/categories?post=166055"},{"taxonomy":"post_tag","embeddable":true,"href":"https:\/\/www.europesays.com\/de\/wp-json\/wp\/v2\/tags?post=166055"}],"curies":[{"name":"wp","href":"https:\/\/api.w.org\/{rel}","templated":true}]}}