{"id":166075,"date":"2025-06-05T02:32:19","date_gmt":"2025-06-05T02:32:19","guid":{"rendered":"https:\/\/www.europesays.com\/de\/166075\/"},"modified":"2025-06-05T02:32:19","modified_gmt":"2025-06-05T02:32:19","slug":"frachter-rammt-bruecke-ueber-dortmund-ems-kanal","status":"publish","type":"post","link":"https:\/\/www.europesays.com\/de\/166075\/","title":{"rendered":"Frachter rammt Br\u00fccke \u00fcber Dortmund-Ems-Kanal"},"content":{"rendered":"<p>    &#13;<br \/>\n      &#13;<br \/>\n        Aktualisiert: 04.06.2025, 17:25 \/ Lesedauer: ca. 2min Schiffsunfall im Emsland <\/p>\n<p class=\"intro\">Ein Binnenschiff f\u00e4hrt in Lingen gegen eine Br\u00fccke und besch\u00e4digt die Stahlkonstruktion. Das hat auch Auswirkungen auf den Autoverkehr. Ist das Bauwerk einsturzgef\u00e4hrdet? <\/p>\n<p>      &#13;<br \/>\n        <img decoding=\"async\"   src=\"https:\/\/www.europesays.com\/de\/wp-content\/uploads\/2025\/06\/eine-bruecke-in-lingen-ist-gesperrt-nachdem-ein-frachter-1101625.jpg\" title=\"Frachter rammt Br\u00fccke \u00fcber Dortmund-Ems-Kanal \" alt=\"Eine Br\u00fccke in Lingen ist gesperrt, nachdem ein Frachter sie gerammt hatte.  Foto: Matthias Br\ufffdning\/TNN\/dpa\" class=\"img-responsive\"\/>&#13;<\/p>\n<p class=\"image-credit\">&#13;<br \/>\n\t\t\t\t\t\u00a9 Matthias Br\ufffdning\/TNN\/dpa<\/p>\n<p>&#13;<br \/>\n        &#13;<br \/>\n        &#13;<\/p>\n<p>Eine Br\u00fccke in Lingen ist gesperrt, nachdem ein Frachter sie gerammt hatte.  Foto: Matthias Br\ufffdning\/TNN\/dpa <\/p>\n<p>&#13;<br \/>\n        &#13;<\/p>\n<p class=\"author\">&#13;<br \/>\n      Von dpa<\/p>\n","protected":false},"excerpt":{"rendered":"&#13; &#13; Aktualisiert: 04.06.2025, 17:25 \/ Lesedauer: ca. 2min Schiffsunfall im Emsland Ein Binnenschiff f\u00e4hrt in Lingen gegen&hellip;\n","protected":false},"author":2,"featured_media":166076,"comment_status":"","ping_status":"","sticky":false,"template":"","format":"standard","meta":{"footnotes":""},"categories":[1833],"tags":[3364,29,217,30,1411,1209,4338,5226,15617],"class_list":{"0":"post-166075","1":"post","2":"type-post","3":"status-publish","4":"format-standard","5":"has-post-thumbnail","7":"category-dortmund","8":"tag-de","9":"tag-deutschland","10":"tag-dortmund","11":"tag-germany","12":"tag-niedersachsen","13":"tag-nordrhein-westfalen","14":"tag-notfall","15":"tag-schifffahrt","16":"tag-unflle"},"share_on_mastodon":{"url":"https:\/\/pubeurope.com\/@de\/114628417537456072","error":""},"_links":{"self":[{"href":"https:\/\/www.europesays.com\/de\/wp-json\/wp\/v2\/posts\/166075","targetHints":{"allow":["GET"]}}],"collection":[{"href":"https:\/\/www.europesays.com\/de\/wp-json\/wp\/v2\/posts"}],"about":[{"href":"https:\/\/www.europesays.com\/de\/wp-json\/wp\/v2\/types\/post"}],"author":[{"embeddable":true,"href":"https:\/\/www.europesays.com\/de\/wp-json\/wp\/v2\/users\/2"}],"replies":[{"embeddable":true,"href":"https:\/\/www.europesays.com\/de\/wp-json\/wp\/v2\/comments?post=166075"}],"version-history":[{"count":0,"href":"https:\/\/www.europesays.com\/de\/wp-json\/wp\/v2\/posts\/166075\/revisions"}],"wp:featuredmedia":[{"embeddable":true,"href":"https:\/\/www.europesays.com\/de\/wp-json\/wp\/v2\/media\/166076"}],"wp:attachment":[{"href":"https:\/\/www.europesays.com\/de\/wp-json\/wp\/v2\/media?parent=166075"}],"wp:term":[{"taxonomy":"category","embeddable":true,"href":"https:\/\/www.europesays.com\/de\/wp-json\/wp\/v2\/categories?post=166075"},{"taxonomy":"post_tag","embeddable":true,"href":"https:\/\/www.europesays.com\/de\/wp-json\/wp\/v2\/tags?post=166075"}],"curies":[{"name":"wp","href":"https:\/\/api.w.org\/{rel}","templated":true}]}}