{"id":166081,"date":"2025-06-05T02:35:09","date_gmt":"2025-06-05T02:35:09","guid":{"rendered":"https:\/\/www.europesays.com\/de\/166081\/"},"modified":"2025-06-05T02:35:09","modified_gmt":"2025-06-05T02:35:09","slug":"nordrhein-westfalen-landtag-debattiert-auf-antrag-der-afd-ueber-antisemitismus","status":"publish","type":"post","link":"https:\/\/www.europesays.com\/de\/166081\/","title":{"rendered":"Nordrhein-Westfalen: Landtag debattiert auf Antrag der AfD \u00fcber Antisemitismus"},"content":{"rendered":"<p>                    Nordrhein-Westfalen<br \/>\n                Landtag debattiert auf Antrag der AfD \u00fcber Antisemitismus<\/p>\n<p>\t\t\t\t              05.06.2025, 03:33 Uhr<\/p>\n<p><strong>Die AfD im NRW-Landtag beantragt eine Debatte \u00fcber den wachsenden Antisemitismus. Dabei steht die Partei selbst im Fokus des Verfassungsschutzes.<\/strong><\/p>\n<p>D\u00fcsseldorf (dpa\/lnw) &#8211; Der nordrhein-westf\u00e4lische Landtag debattiert am Donnerstag (10.00 Uhr) auf Antrag der AfD in einer Aktuellen Stunde \u00fcber den erneuten starken Anstieg antisemitischer Vorf\u00e4lle im Land. Die Recherche- und Informationsstelle Antisemitismus (RIAS) NRW erfasste im vergangenen Jahr 940 Vorf\u00e4lle. Das war eine Steigerung um 42 Prozent im Vergleich zu 2023.<\/p>\n<p>Die AfD legt den Fokus vor allem auf den sogenannten israelbezogenen Antisemitismus, bei dem Kritik an Israels Politik h\u00e4ufig mit judenfeindlichen Stereotypen verkn\u00fcpft wird. So handele es sich bei zwei von drei der in NRW erfassten Vorf\u00e4lle um israelbezogenen Antisemitismus, hei\u00dft es im Antrag der AfD. Wie auch in anderen L\u00e4ndern verlagere sich der Antisemitismus zudem vermehrt ins Umfeld der Hochschulen.<\/p>\n<p>NRW-Integrationsministerin Josefine Paul (Gr\u00fcne) hatte bei der Vorstellung des RIAS-Berichts gesagt, der enorme Anstieg antisemitischer Vorf\u00e4lle mache deutlich, dass entschieden gegen Anfeindungen und \u00dcbergriffe gegen Juden vorgegangen werden m\u00fcsse.<\/p>\n<p>Debatte um AfD-Verbotsverfahren<\/p>\n<p>Die Debatte im Landtag erfolgt vor dem Hintergrund der Hochstufung der AfD zur &#8222;gesichert rechtsextremistischen Bestrebung&#8220; durch das Bundesamt f\u00fcr Verfassungsschutz Anfang Mai. Dagegen setzte sich die Bundespartei mit einem Eilantrag zur Wehr.<\/p>\n<p>Bis zu einer Entscheidung des zust\u00e4ndigen Verwaltungsgerichts K\u00f6ln hat der Inlandsgeheimdienst die neue Einstufung auf Eis gelegt und f\u00fchrt die AfD daher weiter nur als sogenannten Verdachtsfall. Die Rufe nach der Einleitung eines Verbotsverfahrens gegen die AfD sind inzwischen lauter geworden.<\/p>\n","protected":false},"excerpt":{"rendered":"Nordrhein-Westfalen Landtag debattiert auf Antrag der AfD \u00fcber Antisemitismus 05.06.2025, 03:33 Uhr Die AfD im NRW-Landtag beantragt eine&hellip;\n","protected":false},"author":2,"featured_media":166082,"comment_status":"","ping_status":"","sticky":false,"template":"","format":"standard","meta":{"footnotes":""},"categories":[1831],"tags":[186,712,10339,3364,29,3405,30,1985,1209],"class_list":{"0":"post-166081","1":"post","2":"type-post","3":"status-publish","4":"format-standard","5":"has-post-thumbnail","7":"category-duesseldorf","8":"tag-afd","9":"tag-antisemitismus","10":"tag-antrag","11":"tag-de","12":"tag-deutschland","13":"tag-duesseldorf","14":"tag-germany","15":"tag-landtag","16":"tag-nordrhein-westfalen"},"share_on_mastodon":{"url":"https:\/\/pubeurope.com\/@de\/114628429587112886","error":""},"_links":{"self":[{"href":"https:\/\/www.europesays.com\/de\/wp-json\/wp\/v2\/posts\/166081","targetHints":{"allow":["GET"]}}],"collection":[{"href":"https:\/\/www.europesays.com\/de\/wp-json\/wp\/v2\/posts"}],"about":[{"href":"https:\/\/www.europesays.com\/de\/wp-json\/wp\/v2\/types\/post"}],"author":[{"embeddable":true,"href":"https:\/\/www.europesays.com\/de\/wp-json\/wp\/v2\/users\/2"}],"replies":[{"embeddable":true,"href":"https:\/\/www.europesays.com\/de\/wp-json\/wp\/v2\/comments?post=166081"}],"version-history":[{"count":0,"href":"https:\/\/www.europesays.com\/de\/wp-json\/wp\/v2\/posts\/166081\/revisions"}],"wp:featuredmedia":[{"embeddable":true,"href":"https:\/\/www.europesays.com\/de\/wp-json\/wp\/v2\/media\/166082"}],"wp:attachment":[{"href":"https:\/\/www.europesays.com\/de\/wp-json\/wp\/v2\/media?parent=166081"}],"wp:term":[{"taxonomy":"category","embeddable":true,"href":"https:\/\/www.europesays.com\/de\/wp-json\/wp\/v2\/categories?post=166081"},{"taxonomy":"post_tag","embeddable":true,"href":"https:\/\/www.europesays.com\/de\/wp-json\/wp\/v2\/tags?post=166081"}],"curies":[{"name":"wp","href":"https:\/\/api.w.org\/{rel}","templated":true}]}}