{"id":166218,"date":"2025-06-05T03:52:11","date_gmt":"2025-06-05T03:52:11","guid":{"rendered":"https:\/\/www.europesays.com\/de\/166218\/"},"modified":"2025-06-05T03:52:11","modified_gmt":"2025-06-05T03:52:11","slug":"dortmund-tunnel-am-zehnthof-zu-eng","status":"publish","type":"post","link":"https:\/\/www.europesays.com\/de\/166218\/","title":{"rendered":"Dortmund: Tunnel am Zehnthof zu eng"},"content":{"rendered":"<p>\t\tTunnel zu eng f\u00fcr den Autoverkehr<br \/>\n\t\t\t\t\tVerkehrsplaner wollen sperren &#8211; Anwohner sind dagegen<\/p>\n<p>\t\t<img alt=\"\" src=\"https:\/\/www.europesays.com\/de\/wp-content\/uploads\/2025\/05\/630_0036_48381_.jpg\"  class=\"avatar avatar-36 photo avatar-default\" height=\"36\" width=\"36\" loading=\"lazy\" decoding=\"async\"\/>\t\t<a class=\"article-author__name\" href=\"https:\/\/www.ruhrnachrichten.de\/author\/oliver-volmerich\/\" rel=\"author nofollow noopener\" target=\"_blank\">Oliver Volmerich<\/a><br \/>\n\t\tRedakteur<\/p>\n<p>\t05.06.2025 05:40 Uhr<\/p>\n<p>\t\tTeilen<\/p>\n<p>\n\tIn Merkliste \u00fcbernehmen\n<\/p>\n<p>    <a href=\"https:\/\/www.ruhrnachrichten.de\/wp-content\/uploads\/2025\/06\/04\/15\/630_0900_4765663_Tunnel-1648x824.jpg\" rel=\"nofollow noopener\" target=\"_blank\"><\/p>\n<p>            <img loading=\"lazy\" decoding=\"async\" src=\"https:\/\/www.europesays.com\/de\/wp-content\/uploads\/2025\/06\/630_0900_4765662_Tunnel-640x428.jpg\" width=\"640\" height=\"428\"  alt=\"Ein Radfahrer und ein Auto begegnen sich an der engen Tunneldurchfahrt am Zehnthof.\"\/><\/p>\n<p>    <\/a><br \/>\n    Sehr eng wird es, wenn sich Autos, Radfahrer und Fu\u00dfg\u00e4nger in dem engen Tunnel unter der Bahnlinie am Zehnthof begegnen. \u00a9 Oliver Volmerich<\/p>\n<p class=\"article__teaser-text\">Der Tunnel am Zehnthof ist eine Engstelle f\u00fcr den Stra\u00dfenverkehr in der \u00f6stlichen Innenstadt. Verkehrsplaner wollen mehr Schutz f\u00fcr Fu\u00dfg\u00e4nger und Radfahrer.<\/p>\n<p>2 Min Lesezeit<\/p>\n<p>Keine Mehrheit f\u00fcr Sperrung<\/p>\n<p>\n\t<a href=\"https:\/\/www.ruhrnachrichten.de\" class=\"button button--brand button--link home-button\" rel=\"nofollow noopener\" target=\"_blank\">Zur Startseite<\/a><\/p>\n","protected":false},"excerpt":{"rendered":"Tunnel zu eng f\u00fcr den Autoverkehr Verkehrsplaner wollen sperren &#8211; Anwohner sind dagegen Oliver Volmerich Redakteur 05.06.2025 05:40&hellip;\n","protected":false},"author":2,"featured_media":166219,"comment_status":"","ping_status":"","sticky":false,"template":"","format":"standard","meta":{"footnotes":""},"categories":[1833],"tags":[3364,29,217,30,1209,634,3587],"class_list":{"0":"post-166218","1":"post","2":"type-post","3":"status-publish","4":"format-standard","5":"has-post-thumbnail","7":"category-dortmund","8":"tag-de","9":"tag-deutschland","10":"tag-dortmund","11":"tag-germany","12":"tag-nordrhein-westfalen","13":"tag-strassenverkehr","14":"tag-verkehr-mobilitaet"},"share_on_mastodon":{"url":"https:\/\/pubeurope.com\/@de\/114628732123778727","error":""},"_links":{"self":[{"href":"https:\/\/www.europesays.com\/de\/wp-json\/wp\/v2\/posts\/166218","targetHints":{"allow":["GET"]}}],"collection":[{"href":"https:\/\/www.europesays.com\/de\/wp-json\/wp\/v2\/posts"}],"about":[{"href":"https:\/\/www.europesays.com\/de\/wp-json\/wp\/v2\/types\/post"}],"author":[{"embeddable":true,"href":"https:\/\/www.europesays.com\/de\/wp-json\/wp\/v2\/users\/2"}],"replies":[{"embeddable":true,"href":"https:\/\/www.europesays.com\/de\/wp-json\/wp\/v2\/comments?post=166218"}],"version-history":[{"count":0,"href":"https:\/\/www.europesays.com\/de\/wp-json\/wp\/v2\/posts\/166218\/revisions"}],"wp:featuredmedia":[{"embeddable":true,"href":"https:\/\/www.europesays.com\/de\/wp-json\/wp\/v2\/media\/166219"}],"wp:attachment":[{"href":"https:\/\/www.europesays.com\/de\/wp-json\/wp\/v2\/media?parent=166218"}],"wp:term":[{"taxonomy":"category","embeddable":true,"href":"https:\/\/www.europesays.com\/de\/wp-json\/wp\/v2\/categories?post=166218"},{"taxonomy":"post_tag","embeddable":true,"href":"https:\/\/www.europesays.com\/de\/wp-json\/wp\/v2\/tags?post=166218"}],"curies":[{"name":"wp","href":"https:\/\/api.w.org\/{rel}","templated":true}]}}